
{"id":11730,"date":"2012-01-03T21:13:05","date_gmt":"2012-01-04T00:13:05","guid":{"rendered":"http:\/\/www.sudoestehoje.com.br\/novoportal\/?p=11730"},"modified":"2012-01-03T21:13:05","modified_gmt":"2012-01-04T00:13:05","slug":"inscricoes-para-o-reda-da-educacao-abrem-nesta-quarta","status":"publish","type":"post","link":"https:\/\/www.sudoestehoje.com.br\/novoportal\/2012\/01\/03\/inscricoes-para-o-reda-da-educacao-abrem-nesta-quarta\/","title":{"rendered":"INSCRI\u00c7\u00d5ES PARA O &#8216;REDA&#8217; DA EDUCA\u00c7\u00c3O ABREM NESTA QUARTA"},"content":{"rendered":"<p style=\"text-align: center;\"><img decoding=\"async\" class=\"aligncenter\" src=\"http:\/\/gicult.com.br\/blog\/wp-content\/uploads\/2011\/12\/concurso-publico.jpg\" alt=\"\" width=\"400\" \/><\/p>\n<p>A Secretaria da Educa\u00e7\u00e3o do Estado da Bahia informa que est\u00e3o abertas a partir desta quarta-feira, dia 4, at\u00e9 o dia 12 de janeiro, as inscri\u00e7\u00f5es para a sele\u00e7\u00e3o de 1093 professores e 2209 assistentes de atividade administrativa, ambos em Regime Especial de Direito Administrativo (Reda). As inscri\u00e7\u00f5es ser\u00e3o realizadas exclusivamente no site www.consultec.com.br A prova vai acontecer no dia 29 de janeiro e os aprovados estar\u00e3o nas escolas da rede estadual no in\u00edcio do ano letivo de 2012.<\/p>\n<p>Podem participar da sele\u00e7\u00e3o de professores, profissionais de n\u00edvel superior com licenciatura ou bacharelado e tamb\u00e9m estudantes de licenciatura a partir do sexto semestre. Para assistente de atividade administrativa, \u00e9 necess\u00e1rio ter n\u00edvel m\u00e9dio completo.<\/p>\n<p>As vagas para professor s\u00e3o, em sua maioria, nas disciplinas de Matem\u00e1tica, F\u00edsica e Qu\u00edmica, mas existem vagas tamb\u00e9m em outras \u00e1reas, com exce\u00e7\u00e3o de L\u00edngua Portuguesa. Os professores selecionados ir\u00e3o atuar nas localidades que n\u00e3o tiveram aprovados no concurso realizado este ano, do qual a Secretaria da Educa\u00e7\u00e3o do Estado j\u00e1 convocou 3.261 candidatos.<\/p>\n<p>Os rendimentos iniciais para professores variam de R$ 779,20 a R$ 976,78. Para o cargo administrativo, a remunera\u00e7\u00e3o \u00e9 equivalente ao sal\u00e1rio m\u00ednimo. O edital est\u00e1 dispon\u00edvel no Portal da Educa\u00e7\u00e3o\u00a0<a href=\"http:\/\/www.calilanoticias.com\/2012\/01\/www.educacao.ba.gov.br\">www.educacao.ba.gov.br<\/a> e no site da\u00a0<a href=\"http:\/\/www.calilanoticias.com\/2012\/01\/www.consultec.com.br.\">www.consultec.com.br.<\/a><\/p>\n","protected":false},"excerpt":{"rendered":"<p>A Secretaria da Educa\u00e7\u00e3o do Estado da Bahia informa que est\u00e3o abertas a partir desta quarta-feira, dia 4, at\u00e9 o dia 12 de janeiro, as inscri\u00e7\u00f5es para a sele\u00e7\u00e3o de 1093 professores e 2209 assistentes de atividade administrativa, ambos em Regime Especial de Direito Administrativo (Reda). As inscri\u00e7\u00f5es ser\u00e3o realizadas exclusivamente no site www.consultec.com.br A [&hellip;]<\/p>\n","protected":false},"author":2,"featured_media":0,"comment_status":"open","ping_status":"open","sticky":false,"template":"","format":"standard","meta":{"footnotes":"","_links_to":"","_links_to_target":""},"categories":[1],"tags":[],"class_list":["post-11730","post","type-post","status-publish","format-standard","hentry","category-geral"],"views":2667,"_links":{"self":[{"href":"https:\/\/www.sudoestehoje.com.br\/novoportal\/wp-json\/wp\/v2\/posts\/11730","targetHints":{"allow":["GET"]}}],"collection":[{"href":"https:\/\/www.sudoestehoje.com.br\/novoportal\/wp-json\/wp\/v2\/posts"}],"about":[{"href":"https:\/\/www.sudoestehoje.com.br\/novoportal\/wp-json\/wp\/v2\/types\/post"}],"author":[{"embeddable":true,"href":"https:\/\/www.sudoestehoje.com.br\/novoportal\/wp-json\/wp\/v2\/users\/2"}],"replies":[{"embeddable":true,"href":"https:\/\/www.sudoestehoje.com.br\/novoportal\/wp-json\/wp\/v2\/comments?post=11730"}],"version-history":[{"count":5,"href":"https:\/\/www.sudoestehoje.com.br\/novoportal\/wp-json\/wp\/v2\/posts\/11730\/revisions"}],"predecessor-version":[{"id":11735,"href":"https:\/\/www.sudoestehoje.com.br\/novoportal\/wp-json\/wp\/v2\/posts\/11730\/revisions\/11735"}],"wp:attachment":[{"href":"https:\/\/www.sudoestehoje.com.br\/novoportal\/wp-json\/wp\/v2\/media?parent=11730"}],"wp:term":[{"taxonomy":"category","embeddable":true,"href":"https:\/\/www.sudoestehoje.com.br\/novoportal\/wp-json\/wp\/v2\/categories?post=11730"},{"taxonomy":"post_tag","embeddable":true,"href":"https:\/\/www.sudoestehoje.com.br\/novoportal\/wp-json\/wp\/v2\/tags?post=11730"}],"curies":[{"name":"wp","href":"https:\/\/api.w.org\/{rel}","templated":true}]}}