
{"id":1173,"date":"2010-10-12T22:38:14","date_gmt":"2010-10-13T01:38:14","guid":{"rendered":"http:\/\/sudoestehoje.tempsite.ws\/novoportal\/?p=1173"},"modified":"2010-10-12T22:51:14","modified_gmt":"2010-10-13T01:51:14","slug":"serra-e-dilma-empatados","status":"publish","type":"post","link":"https:\/\/www.sudoestehoje.com.br\/novoportal\/2010\/10\/12\/serra-e-dilma-empatados\/","title":{"rendered":"SERRA E DILMA EMPATADOS?"},"content":{"rendered":"<p style=\"text-align: center;\"><img loading=\"lazy\" decoding=\"async\" src=\"http:\/\/josiasdesouza.folha.blog.uol.com.br\/images\/SerraDilmaFeDonasciSLim470.jpg\" alt=\"\" width=\"450\" height=\"280\" \/><\/p>\n<p style=\"text-align: center;\"><strong>Irrita\u00e7\u00e3o de Dilma teria um motivo: empate t\u00e9cnico com Serra nas pesquisas<\/strong><\/p>\n<p>\u00a0<\/p>\n<p>Desconfiei que algo semelhante havia acontecido desde o debate na Band. Somente um empate e a continua crescente do candidato tucano explicariam a agressividade da candidata petista,\u00a0 Dilma Rousseff. Ela, que estava em uma onda paz e amor, surpreendentemente subiu no tamanco da arrog\u00e2ncia e foi para cima do Jos\u00e9 Serra armada de boatos e das mais baixas cal\u00fanias, chegando inclusive a citar a ex-primeira dama de S\u00e3o Paulo, a chilena Monica Serra.<\/p>\n<p>Pois ent\u00e3o, andei investigamento e parece que \u00e9 isso mesmo. Segundo Lauro Jardim e outras fontes, o tracking (pesquisa interna feita por partidos) do PSDB e do PT indicam um incrivel crescimento de Jos\u00e9 Serra e ambos j\u00e1 est\u00e3o empatados. O temor \u00e9 que, caso o empate se configure j\u00e1 na pr\u00f3xima pesquisa, a elei\u00e7\u00e3o seja ganha pelo candidato tucano. Aos que n\u00e3o sabem, o tracking sempre tem aproximadamente uma semana de vantagem em porcentagens do que a campanha tradicional.<\/p>\n<p>O sentimento dentro do PSDB e sua milit\u00e2ncia \u00e9 de vit\u00f3ria, afinal o sucesso nunca esteve t\u00e3o pr\u00f3ximo. J\u00e1 no PT a situa\u00e7\u00e3o \u00e9 outra. A milit\u00e2ncia abateu-se e a crise instaurou dentro do partido, com diversos dedos apontando para Dilma e a alta c\u00fapula, pois a candidatura da colega da Erenice foi imposta goela abaixo da milit\u00e2ncia.<\/p>\n<p>Agora \u00e9 esperar para ver<\/p>\n<p>Do Blog Censurado<\/p>\n","protected":false},"excerpt":{"rendered":"<p>Irrita\u00e7\u00e3o de Dilma teria um motivo: empate t\u00e9cnico com Serra nas pesquisas \u00a0 Desconfiei que algo semelhante havia acontecido desde o debate na Band. Somente um empate e a continua crescente do candidato tucano explicariam a agressividade da candidata petista,\u00a0 Dilma Rousseff. Ela, que estava em uma onda paz e amor, surpreendentemente subiu no tamanco [&hellip;]<\/p>\n","protected":false},"author":2,"featured_media":0,"comment_status":"open","ping_status":"open","sticky":false,"template":"","format":"standard","meta":{"footnotes":"","_links_to":"","_links_to_target":""},"categories":[1],"tags":[],"class_list":["post-1173","post","type-post","status-publish","format-standard","hentry","category-geral"],"views":1402,"_links":{"self":[{"href":"https:\/\/www.sudoestehoje.com.br\/novoportal\/wp-json\/wp\/v2\/posts\/1173","targetHints":{"allow":["GET"]}}],"collection":[{"href":"https:\/\/www.sudoestehoje.com.br\/novoportal\/wp-json\/wp\/v2\/posts"}],"about":[{"href":"https:\/\/www.sudoestehoje.com.br\/novoportal\/wp-json\/wp\/v2\/types\/post"}],"author":[{"embeddable":true,"href":"https:\/\/www.sudoestehoje.com.br\/novoportal\/wp-json\/wp\/v2\/users\/2"}],"replies":[{"embeddable":true,"href":"https:\/\/www.sudoestehoje.com.br\/novoportal\/wp-json\/wp\/v2\/comments?post=1173"}],"version-history":[{"count":5,"href":"https:\/\/www.sudoestehoje.com.br\/novoportal\/wp-json\/wp\/v2\/posts\/1173\/revisions"}],"predecessor-version":[{"id":1177,"href":"https:\/\/www.sudoestehoje.com.br\/novoportal\/wp-json\/wp\/v2\/posts\/1173\/revisions\/1177"}],"wp:attachment":[{"href":"https:\/\/www.sudoestehoje.com.br\/novoportal\/wp-json\/wp\/v2\/media?parent=1173"}],"wp:term":[{"taxonomy":"category","embeddable":true,"href":"https:\/\/www.sudoestehoje.com.br\/novoportal\/wp-json\/wp\/v2\/categories?post=1173"},{"taxonomy":"post_tag","embeddable":true,"href":"https:\/\/www.sudoestehoje.com.br\/novoportal\/wp-json\/wp\/v2\/tags?post=1173"}],"curies":[{"name":"wp","href":"https:\/\/api.w.org\/{rel}","templated":true}]}}