
{"id":117289,"date":"2024-06-03T11:34:12","date_gmt":"2024-06-03T14:34:12","guid":{"rendered":"https:\/\/www.sudoestehoje.com.br\/novoportal\/?p=117289"},"modified":"2024-06-03T17:18:27","modified_gmt":"2024-06-03T20:18:27","slug":"municipios-tem-ate-o-dia-6-de-junho-para-declarar-gastos-com-festas-juninas-ao-mp-2","status":"publish","type":"post","link":"https:\/\/www.sudoestehoje.com.br\/novoportal\/2024\/06\/03\/municipios-tem-ate-o-dia-6-de-junho-para-declarar-gastos-com-festas-juninas-ao-mp-2\/","title":{"rendered":"MUNIC\u00cdPIOS T\u00caM AT\u00c9 O DIA 6 DE JUNHO PARA DECLARAR GASTOS COM FESTAS JUNINAS AO MP"},"content":{"rendered":"<p><img loading=\"lazy\" decoding=\"async\" class=\"alignnone wp-image-117286\" src=\"https:\/\/www.sudoestehoje.com.br\/novoportal\/wp-content\/uploads\/2024\/06\/Imagens-para-o-Blog-do-Valente-1024x768-15-600x400.png\" alt=\"\" width=\"551\" height=\"367\" srcset=\"https:\/\/www.sudoestehoje.com.br\/novoportal\/wp-content\/uploads\/2024\/06\/Imagens-para-o-Blog-do-Valente-1024x768-15-600x400.png 600w, https:\/\/www.sudoestehoje.com.br\/novoportal\/wp-content\/uploads\/2024\/06\/Imagens-para-o-Blog-do-Valente-1024x768-15-700x467.png 700w, https:\/\/www.sudoestehoje.com.br\/novoportal\/wp-content\/uploads\/2024\/06\/Imagens-para-o-Blog-do-Valente-1024x768-15-768x512.png 768w, https:\/\/www.sudoestehoje.com.br\/novoportal\/wp-content\/uploads\/2024\/06\/Imagens-para-o-Blog-do-Valente-1024x768-15.png 900w\" sizes=\"auto, (max-width: 551px) 100vw, 551px\" \/><\/p>\n<p><strong>Cidades baianas \u00a0t\u00eam at\u00e9 o dia 6 de junho para informar ao \u2018Painel de Transpar\u00eancia\u2019, do Minist\u00e9rio P\u00fablico da Bahia (MP BA), os dados sobres investimentos realizados com contrata\u00e7\u00f5es p\u00fablicas de atra\u00e7\u00f5es art\u00edsticas para os eventos\u00a0 juninos de 2024.<\/strong><\/p>\n<p><strong>At\u00e9 esta segunda-feira (27), mais de R$ 130 milh\u00f5es foram informados por 100 munic\u00edpios baianos para a contrata\u00e7\u00e3o de mais de 900 atra\u00e7\u00f5es. No total, foram declarados R$ 132 milh\u00f5es em investimentos. O prazo de envio foi prorrogado, pois diversos munic\u00edpios ainda aguardam o repasse de recursos destinados via conv\u00eanio firmado com a Superintend\u00eancia de Fomento ao Turismo do Estado da Bahia (Sufotur).<\/strong><\/p>\n<p><strong>A partir deste s\u00e1bado (1), o Painel disponibilizar\u00e1 para consulta p\u00fablica os dados j\u00e1 encaminhados e sistematizados pela ferramenta. O Painel de Transpar\u00eancia considera como \u2018festejo junino\u2019 todos os eventos com contrata\u00e7\u00f5es art\u00edsticas ocorridos entre 1\u00ba de maio e 31 de julho de cada ano.<\/strong><\/p>\n<p><strong>Ap\u00f3s o encerramento do prazo da primeira fase de coleta de dados, os munic\u00edpios poder\u00e3o complementar as informa\u00e7\u00f5es entre os dias 14 de junho e 31 de julho. Os gestores municipais dever\u00e3o informar a natureza dos recursos envolvidos conforme sua origem: federal, estadual ou municipal.<\/strong><\/p>\n<p><strong>O \u2018Painel de Transpar\u00eancia dos Festejos Juninos\u2019 \u00e9 uma ferramenta de incentivo \u00e0 transpar\u00eancia p\u00fablica, ao exerc\u00edcio da cidadania e de apoio \u00e0 gest\u00e3o eficiente dos recursos p\u00fablicos no fomento \u00e0 cultura e ao turismo baianos.<\/strong><\/p>\n<p><strong>Foi concebido e desenvolvido pelo Minist\u00e9rio P\u00fablico estadual em parceria com os Minist\u00e9rios P\u00fablicos de Contas junto aos Tribunais de Contas do Estado (MPC\/TCE) e dos Munic\u00edpios (MPC\/TCM), os Tribunais de Contas do Estado (TCE) e dos Munic\u00edpios (TCM), a Rede de Controle da Gest\u00e3o P\u00fablica na Bahia e com o apoio da Uni\u00e3o dos Munic\u00edpios da Bahia (UPB), Uni\u00e3o das Controladorias Internas da Bahia (UCIB), Servi\u00e7o Brasileiro de Apoio \u00e0s Micro e Pequenas Empresas (SEBRAE\/BA), Universidade Federal da Bahia (UFBA) e o Governo do Estado da Bahia.<\/strong><\/p>\n<p><img loading=\"lazy\" decoding=\"async\" class=\"alignnone size-medium wp-image-116962\" src=\"https:\/\/www.sudoestehoje.com.br\/novoportal\/wp-content\/uploads\/2024\/05\/43cc03c2-79e9-42c3-acf9-fd03c9ba3520-600x85.jpg\" alt=\"\" width=\"600\" height=\"85\" srcset=\"https:\/\/www.sudoestehoje.com.br\/novoportal\/wp-content\/uploads\/2024\/05\/43cc03c2-79e9-42c3-acf9-fd03c9ba3520-600x85.jpg 600w, https:\/\/www.sudoestehoje.com.br\/novoportal\/wp-content\/uploads\/2024\/05\/43cc03c2-79e9-42c3-acf9-fd03c9ba3520-700x99.jpg 700w, https:\/\/www.sudoestehoje.com.br\/novoportal\/wp-content\/uploads\/2024\/05\/43cc03c2-79e9-42c3-acf9-fd03c9ba3520-768x109.jpg 768w, https:\/\/www.sudoestehoje.com.br\/novoportal\/wp-content\/uploads\/2024\/05\/43cc03c2-79e9-42c3-acf9-fd03c9ba3520.jpg 1078w\" sizes=\"auto, (max-width: 600px) 100vw, 600px\" \/><\/p>\n","protected":false},"excerpt":{"rendered":"<p>Cidades baianas \u00a0t\u00eam at\u00e9 o dia 6 de junho para informar ao \u2018Painel de Transpar\u00eancia\u2019, do Minist\u00e9rio P\u00fablico da Bahia (MP BA), os dados sobres investimentos realizados com contrata\u00e7\u00f5es p\u00fablicas de atra\u00e7\u00f5es art\u00edsticas para os eventos\u00a0 juninos de 2024. At\u00e9 esta segunda-feira (27), mais de R$ 130 milh\u00f5es foram informados por 100 munic\u00edpios baianos para [&hellip;]<\/p>\n","protected":false},"author":2,"featured_media":117286,"comment_status":"closed","ping_status":"open","sticky":false,"template":"","format":"standard","meta":{"footnotes":"","_links_to":"","_links_to_target":""},"categories":[1],"tags":[],"class_list":["post-117289","post","type-post","status-publish","format-standard","has-post-thumbnail","hentry","category-geral"],"views":604,"_links":{"self":[{"href":"https:\/\/www.sudoestehoje.com.br\/novoportal\/wp-json\/wp\/v2\/posts\/117289","targetHints":{"allow":["GET"]}}],"collection":[{"href":"https:\/\/www.sudoestehoje.com.br\/novoportal\/wp-json\/wp\/v2\/posts"}],"about":[{"href":"https:\/\/www.sudoestehoje.com.br\/novoportal\/wp-json\/wp\/v2\/types\/post"}],"author":[{"embeddable":true,"href":"https:\/\/www.sudoestehoje.com.br\/novoportal\/wp-json\/wp\/v2\/users\/2"}],"replies":[{"embeddable":true,"href":"https:\/\/www.sudoestehoje.com.br\/novoportal\/wp-json\/wp\/v2\/comments?post=117289"}],"version-history":[{"count":2,"href":"https:\/\/www.sudoestehoje.com.br\/novoportal\/wp-json\/wp\/v2\/posts\/117289\/revisions"}],"predecessor-version":[{"id":117299,"href":"https:\/\/www.sudoestehoje.com.br\/novoportal\/wp-json\/wp\/v2\/posts\/117289\/revisions\/117299"}],"wp:featuredmedia":[{"embeddable":true,"href":"https:\/\/www.sudoestehoje.com.br\/novoportal\/wp-json\/wp\/v2\/media\/117286"}],"wp:attachment":[{"href":"https:\/\/www.sudoestehoje.com.br\/novoportal\/wp-json\/wp\/v2\/media?parent=117289"}],"wp:term":[{"taxonomy":"category","embeddable":true,"href":"https:\/\/www.sudoestehoje.com.br\/novoportal\/wp-json\/wp\/v2\/categories?post=117289"},{"taxonomy":"post_tag","embeddable":true,"href":"https:\/\/www.sudoestehoje.com.br\/novoportal\/wp-json\/wp\/v2\/tags?post=117289"}],"curies":[{"name":"wp","href":"https:\/\/api.w.org\/{rel}","templated":true}]}}