
{"id":117262,"date":"2024-06-02T17:42:59","date_gmt":"2024-06-02T20:42:59","guid":{"rendered":"https:\/\/www.sudoestehoje.com.br\/novoportal\/?p=117262"},"modified":"2024-06-02T17:42:59","modified_gmt":"2024-06-02T20:42:59","slug":"conquista-homenageia-herzem-gusmao-com-inauguracao-de-busto-na-estacao-de-transbordo","status":"publish","type":"post","link":"https:\/\/www.sudoestehoje.com.br\/novoportal\/2024\/06\/02\/conquista-homenageia-herzem-gusmao-com-inauguracao-de-busto-na-estacao-de-transbordo\/","title":{"rendered":"CONQUISTA HOMENAGEIA HERZEM GUSM\u00c3O COM INAUGURA\u00c7\u00c3O DE BUSTO NA ESTA\u00c7\u00c3O DE TRANSBORDO"},"content":{"rendered":"<p><img loading=\"lazy\" decoding=\"async\" class=\"alignnone  wp-image-117264\" src=\"https:\/\/www.sudoestehoje.com.br\/novoportal\/wp-content\/uploads\/2024\/06\/WhatsApp-Image-2024-06-02-at-12.35.50-466x424-1.jpeg\" alt=\"\" width=\"549\" height=\"343\" \/><\/p>\n<p><strong>O Busto do ex-prefeito de Vit\u00f3ria da Conquista, Herzem Gusm\u00e3o, foi inaugurado neste domingo, 02, na Esta\u00e7\u00e3o de Transbordo que leva seu nome.\u00a0O dia foi escolhido porque nesta data Herzem completaria 76 anos. Ele morreu em 18 de mar\u00e7o de 2021, aos 73, por complica\u00e7\u00f5es da Covid-19.<\/strong><\/p>\n<p><strong>A cerim\u00f4nia teve a participa\u00e7\u00e3o da banda de m\u00fasica da Guarda Municipal, que executou um repert\u00f3rio diversificado, incluindo o Hino a Vit\u00f3ria da Conquista.<\/strong><\/p>\n<p><strong>A inaugura\u00e7\u00e3o tamb\u00e9m cobrou com a presen\u00e7a de familiares do ex-gestor, como a vi\u00fava de Herzem, Luci Freire Gusm\u00e3o, e o filho, Danilo Gusm\u00e3o.<\/strong><\/p>\n","protected":false},"excerpt":{"rendered":"<p>O Busto do ex-prefeito de Vit\u00f3ria da Conquista, Herzem Gusm\u00e3o, foi inaugurado neste domingo, 02, na Esta\u00e7\u00e3o de Transbordo que leva seu nome.\u00a0O dia foi escolhido porque nesta data Herzem completaria 76 anos. Ele morreu em 18 de mar\u00e7o de 2021, aos 73, por complica\u00e7\u00f5es da Covid-19. A cerim\u00f4nia teve a participa\u00e7\u00e3o da banda de [&hellip;]<\/p>\n","protected":false},"author":2,"featured_media":117264,"comment_status":"closed","ping_status":"open","sticky":false,"template":"","format":"standard","meta":{"footnotes":"","_links_to":"","_links_to_target":""},"categories":[1],"tags":[],"class_list":["post-117262","post","type-post","status-publish","format-standard","has-post-thumbnail","hentry","category-geral"],"views":1291,"_links":{"self":[{"href":"https:\/\/www.sudoestehoje.com.br\/novoportal\/wp-json\/wp\/v2\/posts\/117262","targetHints":{"allow":["GET"]}}],"collection":[{"href":"https:\/\/www.sudoestehoje.com.br\/novoportal\/wp-json\/wp\/v2\/posts"}],"about":[{"href":"https:\/\/www.sudoestehoje.com.br\/novoportal\/wp-json\/wp\/v2\/types\/post"}],"author":[{"embeddable":true,"href":"https:\/\/www.sudoestehoje.com.br\/novoportal\/wp-json\/wp\/v2\/users\/2"}],"replies":[{"embeddable":true,"href":"https:\/\/www.sudoestehoje.com.br\/novoportal\/wp-json\/wp\/v2\/comments?post=117262"}],"version-history":[{"count":2,"href":"https:\/\/www.sudoestehoje.com.br\/novoportal\/wp-json\/wp\/v2\/posts\/117262\/revisions"}],"predecessor-version":[{"id":117265,"href":"https:\/\/www.sudoestehoje.com.br\/novoportal\/wp-json\/wp\/v2\/posts\/117262\/revisions\/117265"}],"wp:featuredmedia":[{"embeddable":true,"href":"https:\/\/www.sudoestehoje.com.br\/novoportal\/wp-json\/wp\/v2\/media\/117264"}],"wp:attachment":[{"href":"https:\/\/www.sudoestehoje.com.br\/novoportal\/wp-json\/wp\/v2\/media?parent=117262"}],"wp:term":[{"taxonomy":"category","embeddable":true,"href":"https:\/\/www.sudoestehoje.com.br\/novoportal\/wp-json\/wp\/v2\/categories?post=117262"},{"taxonomy":"post_tag","embeddable":true,"href":"https:\/\/www.sudoestehoje.com.br\/novoportal\/wp-json\/wp\/v2\/tags?post=117262"}],"curies":[{"name":"wp","href":"https:\/\/api.w.org\/{rel}","templated":true}]}}