
{"id":11724,"date":"2012-01-03T20:59:50","date_gmt":"2012-01-03T23:59:50","guid":{"rendered":"http:\/\/www.sudoestehoje.com.br\/novoportal\/?p=11724"},"modified":"2012-01-03T21:01:09","modified_gmt":"2012-01-04T00:01:09","slug":"deputada-azarada-ja-teve-quatro-carros-roubados","status":"publish","type":"post","link":"https:\/\/www.sudoestehoje.com.br\/novoportal\/2012\/01\/03\/deputada-azarada-ja-teve-quatro-carros-roubados\/","title":{"rendered":"DEPUTADA AZARADA J\u00c1 TEVE QUATRO CARROS ROUBADOS"},"content":{"rendered":"<p style=\"text-align: center;\"><img decoding=\"async\" class=\"aligncenter\" src=\"http:\/\/www.calilanoticias.com\/wp-content\/uploads\/2012\/01\/RTEmagicC_mariadelcarmen-315x210.jpg\" alt=\"\" width=\"400\" \/><\/p>\n<p style=\"text-align: center;\"><em><strong>Deputada estadual Marial Del Carmen (PT)<\/strong><\/em><\/p>\n<p>SALVADOR: Na cidade onde praticamente um ve\u00edculo \u00e9 roubado por hora, nem a deputada estadual Maria Del Carmen (PT) consegue escapar. Ontem, por volta das 9h, enquanto o motorista Valdir Boaventura aguardava que a parlamentar sa\u00edsse de casa, na rua Daniel Lisboa, em Brotas, dois homens armados apareceram e levaram o ve\u00edculo oficial.<\/p>\n<p>\u201cEstava indo para a Assembleia trabalhar e quando cheguei na porta soube o que houve. Gra\u00e7as a Deus n\u00e3o levaram o motorista e ningu\u00e9m se feriu\u201d, conta a deputada, que mora h\u00e1 35 anos no local.<\/p>\n<p>De acordo com a assessoria de imprensa de Del Carmen, Boaventura estava dentro do carro, um Vectra preto, quatro portas, falando ao celular, quando foi abordado. Eles apontaram uma arma para o motorista, segundo ele\u00a0 um rev\u00f3lver calibre 38 velho, mandaram que ele desligasse o telefone e o obrigaram a sair do carro. Os homens partiram logo em seguida.<!--more--><\/p>\n<p>Assim que soube do roubo, a deputada ligou para o 190, na esperan\u00e7a de a pol\u00edcia capturar os criminosos. Depois, pediu que o motorista fosse \u00e0 Delegacia de Repress\u00e3o a Furtos e Roubos de Ve\u00edculos, no Iguatemi,\u00a0 prestar queixa. At\u00e9 o fechamento da edi\u00e7\u00e3o, \u00e0s 22h, ningu\u00e9m foi preso, nem o carro foi localizado.<\/p>\n<p>Seguran\u00e7a<br \/>\n\u00c9 poss\u00edvel que os criminosos n\u00e3o saibam que o Vectra que roubaram \u00e9 oficial. Segundo o funcion\u00e1rio do setor de transportes da Assembleia Ronilson Moreira, apenas o presidente da Casa, deputado estadual Marcelo Nilo (PDT), tem placa oficial. Os outros 62 parlamentares usam placas comuns. Os autom\u00f3veis n\u00e3o s\u00e3o blindados.<\/p>\n<p>Moreira diz ainda que hoje a empresa que aluga os ve\u00edculos para uso dos deputados entregar\u00e1 um novo carro para Del Carmen. \u201cEsse procedimento \u00e9 r\u00e1pido.\u201d, garante.<\/p>\n<p>Rotina<br \/>\nN\u00e3o \u00e9 a primeira vez que Del Carmen sofre com o problema. Ela relata que j\u00e1 teve quatro ve\u00edculos roubados e, em 2004, quando era vereadora, bandidos levaram o carro oficial da C\u00e2mara. \u201cNessa ocasi\u00e3o levaram tamb\u00e9m o motorista e s\u00f3 o libertaram em Val\u00e9ria. Uma vez tamb\u00e9m roubaram o carro do meu marido com ele dentro, mas foi r\u00e1pido\u201d, recorda.<\/p>\n<p>A deputada n\u00e3o est\u00e1 surpresa com o roubo e diz que Brotas \u00e9 um bairro com muita incid\u00eancia desse crime. Ela diz que as drogas s\u00e3o a maior causa da viol\u00eancia no estado. \u201cInfelizmente, \u00e9 uma consequ\u00eancia da vida moderna. Temos que trabalhar muito para tirar esses jovens do tr\u00e1fico. J\u00e1 estamos trabalhando, mas ainda temos um longo caminho\u201d, declara.<\/p>\n<p>Roubos crescem 19,7% em 2011<br \/>\nO n\u00famero de furtos e roubos de ve\u00edculos em Salvador cresceu 19,7% em 2011 em rela\u00e7\u00e3o ao ano anterior. Enquanto de janeiro a novembro de 2010 foram registrados 4.777 casos, no mesmo per\u00edodo de 2011 o Centro de Documenta\u00e7\u00e3o e Estat\u00edstica Policial (Cedep), \u00f3rg\u00e3o veiculado \u00e0 Secretaria da Seguran\u00e7a P\u00fablica (SSP), contabilizou 5.718 ocorr\u00eancias \u2013 941 registros a mais. Os dados de dezembro de 2011 ainda n\u00e3o foram consolidados pela SSP.<\/p>\n<p>O m\u00eas com os n\u00fameros mais alarmantes \u00e9 novembro, com 628 casos, uma m\u00e9dia de 20,9 roubos por dia e um crescimento de 57% em rela\u00e7\u00e3o a novembro de do ano passado.\u00a0 Brotas, onde o carro oficial da deputada foi levado ontem, \u00e9 um dos bairros que registram mais ocorr\u00eancias na cidade, como o CORREIO mostrou em agosto do ano passado, em reportagem que analisou dados dos boletins di\u00e1rios divulgados no site da SSP.<\/p>\n<p>De acordo com esses registros, Pituba, Itapu\u00e3, Brotas, Imbu\u00ed e avenida Paralela s\u00e3o os cinco locais onde mais se rouba carros na capital baiana. Na Regi\u00e3o Metropolitana, os munic\u00edpios com mais ocorr\u00eancias s\u00e3o Lauro de Freitas e Cama\u00e7ari. Ainda de acordo com informa\u00e7\u00f5es da Centel o modelo Gol \u00e9 o preferido dos bandidos enquanto o Vectra, ve\u00edculo da deputada Maria Del Carmen, aparece apenas na 21\u00aa posi\u00e7\u00e3o.<\/p>\n<p>J\u00e1 a recupera\u00e7\u00e3o dos ve\u00edculos roubados n\u00e3o caminha no mesmo ritmo. Segundo um levantamento da Confedera\u00e7\u00e3o Nacional das Empresas de Seguran\u00e7a Gerais (Cnseg), a Bahia \u00e9 o quinto estado do pa\u00eds nas estat\u00edsticas com recupera\u00e7\u00e3o de 37,51% da frota. Ele fica \u00e0 frente apenas de\u00a0 Roraima (18%), Sergipe (30%), Maranh\u00e3o (31%) e Par\u00e1 (375). A plantonista da Delegacia de Repress\u00e3o a Furtos e Roubos de Ve\u00edculos, Elis\u00e2ngela Ara\u00fajo, n\u00e3o foi localizada.<\/p>\n<p><em><strong>Correio<\/strong><\/em><\/p>\n","protected":false},"excerpt":{"rendered":"<p>Deputada estadual Marial Del Carmen (PT) SALVADOR: Na cidade onde praticamente um ve\u00edculo \u00e9 roubado por hora, nem a deputada estadual Maria Del Carmen (PT) consegue escapar. Ontem, por volta das 9h, enquanto o motorista Valdir Boaventura aguardava que a parlamentar sa\u00edsse de casa, na rua Daniel Lisboa, em Brotas, dois homens armados apareceram e [&hellip;]<\/p>\n","protected":false},"author":2,"featured_media":0,"comment_status":"open","ping_status":"open","sticky":false,"template":"","format":"standard","meta":{"footnotes":"","_links_to":"","_links_to_target":""},"categories":[1],"tags":[],"class_list":["post-11724","post","type-post","status-publish","format-standard","hentry","category-geral"],"views":1098,"_links":{"self":[{"href":"https:\/\/www.sudoestehoje.com.br\/novoportal\/wp-json\/wp\/v2\/posts\/11724","targetHints":{"allow":["GET"]}}],"collection":[{"href":"https:\/\/www.sudoestehoje.com.br\/novoportal\/wp-json\/wp\/v2\/posts"}],"about":[{"href":"https:\/\/www.sudoestehoje.com.br\/novoportal\/wp-json\/wp\/v2\/types\/post"}],"author":[{"embeddable":true,"href":"https:\/\/www.sudoestehoje.com.br\/novoportal\/wp-json\/wp\/v2\/users\/2"}],"replies":[{"embeddable":true,"href":"https:\/\/www.sudoestehoje.com.br\/novoportal\/wp-json\/wp\/v2\/comments?post=11724"}],"version-history":[{"count":5,"href":"https:\/\/www.sudoestehoje.com.br\/novoportal\/wp-json\/wp\/v2\/posts\/11724\/revisions"}],"predecessor-version":[{"id":11728,"href":"https:\/\/www.sudoestehoje.com.br\/novoportal\/wp-json\/wp\/v2\/posts\/11724\/revisions\/11728"}],"wp:attachment":[{"href":"https:\/\/www.sudoestehoje.com.br\/novoportal\/wp-json\/wp\/v2\/media?parent=11724"}],"wp:term":[{"taxonomy":"category","embeddable":true,"href":"https:\/\/www.sudoestehoje.com.br\/novoportal\/wp-json\/wp\/v2\/categories?post=11724"},{"taxonomy":"post_tag","embeddable":true,"href":"https:\/\/www.sudoestehoje.com.br\/novoportal\/wp-json\/wp\/v2\/tags?post=11724"}],"curies":[{"name":"wp","href":"https:\/\/api.w.org\/{rel}","templated":true}]}}