
{"id":117224,"date":"2024-05-29T10:23:22","date_gmt":"2024-05-29T13:23:22","guid":{"rendered":"https:\/\/www.sudoestehoje.com.br\/novoportal\/?p=117224"},"modified":"2024-05-29T10:30:08","modified_gmt":"2024-05-29T13:30:08","slug":"congresso-derruba-veto-de-lula-e-acaba-com-a-saidinha-de-presos","status":"publish","type":"post","link":"https:\/\/www.sudoestehoje.com.br\/novoportal\/2024\/05\/29\/congresso-derruba-veto-de-lula-e-acaba-com-a-saidinha-de-presos\/","title":{"rendered":"CONGRESSO DERRUBA VETO DE LULA E ACABA COM A &#8216;SAIDINHA&#8217; DE PRESOS"},"content":{"rendered":"<p><img loading=\"lazy\" decoding=\"async\" class=\"alignnone wp-image-117225\" src=\"https:\/\/www.sudoestehoje.com.br\/novoportal\/wp-content\/uploads\/2024\/05\/Congresso_-Foto-Waldemir-Barreto-Agencia-Senado-600x325.png\" alt=\"\" width=\"550\" height=\"298\" srcset=\"https:\/\/www.sudoestehoje.com.br\/novoportal\/wp-content\/uploads\/2024\/05\/Congresso_-Foto-Waldemir-Barreto-Agencia-Senado-600x325.png 600w, https:\/\/www.sudoestehoje.com.br\/novoportal\/wp-content\/uploads\/2024\/05\/Congresso_-Foto-Waldemir-Barreto-Agencia-Senado.png 700w\" sizes=\"auto, (max-width: 550px) 100vw, 550px\" \/><\/p>\n<p><strong>O Congresso Nacional derrubou veto do presidente Luiz In\u00e1cio Lula da Silva ao projeto que trata da sa\u00edda tempor\u00e1ria de presos, a \u201csaidinha\u201d. Quando vetou, Lula queria abrir brecha para permitir permiss\u00e3o de visita de presos \u00e0 fam\u00edlia. Mas com a derrubada do veto, esse benef\u00edcios fica impedido. Foi mantido apenas o direito de condenados deixarem a pris\u00e3o para fazer cursos profissionalizantes ou de ensinos m\u00e9dio e superior.<\/strong><\/p>\n<p><strong>Por 314 votos pela queda, 126 pela manuten\u00e7\u00e3o e duas absten\u00e7\u00f5es, deputados preferiram retomar o texto original aprovado na Casa. No Senado, 51 acompanharam a posi\u00e7\u00e3o da C\u00e2mara, 11 votaram em favor da \u201csaidinha\u201d e um senador se absteve.<\/strong><\/p>\n<p><strong>A lei tamb\u00e9m prev\u00ea a exig\u00eancia de exames criminol\u00f3gicos para a progress\u00e3o de regime penal e o monitoramento eletr\u00f4nico obrigat\u00f3rio dos detentos que passam para os regimes semiaberto e aberto. O exame avalia \u201cautodisciplina, baixa periculosidade e senso de responsabilidade\u201d.<\/strong><\/p>\n<p><strong>Antes da aprova\u00e7\u00e3o do projeto de lei, em mar\u00e7o, a autoriza\u00e7\u00e3o era dada aos detentos que tenham cumprido ao menos um sexto da pena, no caso de primeira condena\u00e7\u00e3o, e um quarto, quando reincidentes. As \u201csaidinhas\u201d ocorriam at\u00e9 cinco vezes por ano e n\u00e3o podiam ultrapassar o per\u00edodo de sete dias.<\/strong><\/p>\n<p><strong>Como mostrou o Estad\u00e3o, h\u00e1 duas semanas o governo mobilizou uma for\u00e7a-tarefa para garantir a manuten\u00e7\u00e3o o veto presidencial. Participaram deste grupo ministros, como Ricardo Lewandowski (Justi\u00e7a), Alexandre Padilha (Rela\u00e7\u00f5es Institucionais) e Silvio Almeida (Direitos Humanos) e l\u00edderes do governo no Congresso Nacional.<\/strong><\/p>\n<p><strong>Eles procuraram deputados do Centr\u00e3o e bancadas influentes, como a Frente Parlamentar Evang\u00e9lica, para convencer pela manuten\u00e7\u00e3o, mas a tentativa foi malsucedida. \u201cEsse \u00e9 o veto mais f\u00e1cil de ser votado hoje para ser derrubado. O governo Lula cometeu um grande erro ao vetar um projeto de lei que aprimora essa seguran\u00e7a p\u00fablica\u201d, disse o senador S\u00e9rgio Moro (Uni\u00e3o-PR).<\/strong><\/p>\n<p><strong>A preserva\u00e7\u00e3o da \u201csaidinha\u201d em feriados era tida para o PT como uma \u201cquest\u00e3o de honra\u201d e como uma \u201cpauta cara\u201d para Lula, como disse o l\u00edder do governo na C\u00e2mara dos Deputados, Jos\u00e9 Guimar\u00e3es (PT-CE) a outros l\u00edderes da Casa.<\/strong><\/p>\n<p><strong>Fonte: Estad\u00e3o\/Foto: Waldemir Barreto\/Ag\u00eancia Senado<\/strong><\/p>\n<p><img loading=\"lazy\" decoding=\"async\" class=\"alignnone size-medium wp-image-116962\" src=\"https:\/\/www.sudoestehoje.com.br\/novoportal\/wp-content\/uploads\/2024\/05\/43cc03c2-79e9-42c3-acf9-fd03c9ba3520-600x85.jpg\" alt=\"\" width=\"600\" height=\"85\" srcset=\"https:\/\/www.sudoestehoje.com.br\/novoportal\/wp-content\/uploads\/2024\/05\/43cc03c2-79e9-42c3-acf9-fd03c9ba3520-600x85.jpg 600w, https:\/\/www.sudoestehoje.com.br\/novoportal\/wp-content\/uploads\/2024\/05\/43cc03c2-79e9-42c3-acf9-fd03c9ba3520-700x99.jpg 700w, https:\/\/www.sudoestehoje.com.br\/novoportal\/wp-content\/uploads\/2024\/05\/43cc03c2-79e9-42c3-acf9-fd03c9ba3520-768x109.jpg 768w, https:\/\/www.sudoestehoje.com.br\/novoportal\/wp-content\/uploads\/2024\/05\/43cc03c2-79e9-42c3-acf9-fd03c9ba3520.jpg 1078w\" sizes=\"auto, (max-width: 600px) 100vw, 600px\" \/><\/p>\n","protected":false},"excerpt":{"rendered":"<p>O Congresso Nacional derrubou veto do presidente Luiz In\u00e1cio Lula da Silva ao projeto que trata da sa\u00edda tempor\u00e1ria de presos, a \u201csaidinha\u201d. Quando vetou, Lula queria abrir brecha para permitir permiss\u00e3o de visita de presos \u00e0 fam\u00edlia. Mas com a derrubada do veto, esse benef\u00edcios fica impedido. Foi mantido apenas o direito de condenados [&hellip;]<\/p>\n","protected":false},"author":2,"featured_media":117225,"comment_status":"closed","ping_status":"open","sticky":false,"template":"","format":"standard","meta":{"footnotes":"","_links_to":"","_links_to_target":""},"categories":[1],"tags":[],"class_list":["post-117224","post","type-post","status-publish","format-standard","has-post-thumbnail","hentry","category-geral"],"views":559,"_links":{"self":[{"href":"https:\/\/www.sudoestehoje.com.br\/novoportal\/wp-json\/wp\/v2\/posts\/117224","targetHints":{"allow":["GET"]}}],"collection":[{"href":"https:\/\/www.sudoestehoje.com.br\/novoportal\/wp-json\/wp\/v2\/posts"}],"about":[{"href":"https:\/\/www.sudoestehoje.com.br\/novoportal\/wp-json\/wp\/v2\/types\/post"}],"author":[{"embeddable":true,"href":"https:\/\/www.sudoestehoje.com.br\/novoportal\/wp-json\/wp\/v2\/users\/2"}],"replies":[{"embeddable":true,"href":"https:\/\/www.sudoestehoje.com.br\/novoportal\/wp-json\/wp\/v2\/comments?post=117224"}],"version-history":[{"count":3,"href":"https:\/\/www.sudoestehoje.com.br\/novoportal\/wp-json\/wp\/v2\/posts\/117224\/revisions"}],"predecessor-version":[{"id":117228,"href":"https:\/\/www.sudoestehoje.com.br\/novoportal\/wp-json\/wp\/v2\/posts\/117224\/revisions\/117228"}],"wp:featuredmedia":[{"embeddable":true,"href":"https:\/\/www.sudoestehoje.com.br\/novoportal\/wp-json\/wp\/v2\/media\/117225"}],"wp:attachment":[{"href":"https:\/\/www.sudoestehoje.com.br\/novoportal\/wp-json\/wp\/v2\/media?parent=117224"}],"wp:term":[{"taxonomy":"category","embeddable":true,"href":"https:\/\/www.sudoestehoje.com.br\/novoportal\/wp-json\/wp\/v2\/categories?post=117224"},{"taxonomy":"post_tag","embeddable":true,"href":"https:\/\/www.sudoestehoje.com.br\/novoportal\/wp-json\/wp\/v2\/tags?post=117224"}],"curies":[{"name":"wp","href":"https:\/\/api.w.org\/{rel}","templated":true}]}}