
{"id":117207,"date":"2024-05-27T21:18:15","date_gmt":"2024-05-28T00:18:15","guid":{"rendered":"https:\/\/www.sudoestehoje.com.br\/novoportal\/?p=117207"},"modified":"2024-05-27T21:18:15","modified_gmt":"2024-05-28T00:18:15","slug":"inscricoes-para-o-enem-2024-foram-abertas-nesta-segunda-feira-27","status":"publish","type":"post","link":"https:\/\/www.sudoestehoje.com.br\/novoportal\/2024\/05\/27\/inscricoes-para-o-enem-2024-foram-abertas-nesta-segunda-feira-27\/","title":{"rendered":"INSCRI\u00c7\u00d5ES PARA O ENEM 2024 FORAM ABERTAS NESTA SEGUNDA-FEIRA (27)"},"content":{"rendered":"<p><img loading=\"lazy\" decoding=\"async\" class=\"alignnone  wp-image-117208\" src=\"https:\/\/www.sudoestehoje.com.br\/novoportal\/wp-content\/uploads\/2024\/05\/IMG_0621-600x499.jpeg\" alt=\"\" width=\"556\" height=\"462\" srcset=\"https:\/\/www.sudoestehoje.com.br\/novoportal\/wp-content\/uploads\/2024\/05\/IMG_0621-600x499.jpeg 600w, https:\/\/www.sudoestehoje.com.br\/novoportal\/wp-content\/uploads\/2024\/05\/IMG_0621.jpeg 607w\" sizes=\"auto, (max-width: 556px) 100vw, 556px\" \/><\/p>\n<p><strong>Come\u00e7aram nesta segunda-feira, 27, as inscri\u00e7\u00f5es para o Exame Nacional do Ensino M\u00e9dio (Enem). As inscri\u00e7\u00f5es v\u00e3o at\u00e9 o dia sete de junho.<\/strong><\/p>\n<p><strong>Os moradores do Rio Grande do Sul ter\u00e3o um prazo extra para se inscrever, devido \u00e0 calamidade p\u00fablica no estado. O Minist\u00e9rio da Educa\u00e7\u00e3o (MEC) trabalha em um novo calend\u00e1rio para esse p\u00fablico, que tamb\u00e9m ter\u00e1 isen\u00e7\u00e3o da taxa de inscri\u00e7\u00e3o.<\/strong><\/p>\n<p><strong>Para se inscrever, basta acessar o site:\u00a0<a href=\"http:\/\/enem.inep.gov.br\/participante\">enem.inep.gov.br\/participante<\/a>. Quem n\u00e3o tem direito \u00e0 isen\u00e7\u00e3o dever\u00e1 pagar a taxa de inscri\u00e7\u00e3o de R$85,00 (oitenta e cinco reais) at\u00e9 o dia 12 de junho. O pagamento pode ser feito por boleto, Pix, cart\u00e3o de cr\u00e9dito, d\u00e9bito em conta corrente ou poupan\u00e7a (dependendo do banco).<\/strong><\/p>\n<p><strong>O Enem ser\u00e1 realizado nos dias 3 e 10 de novembro, em todo o pa\u00eds.<\/strong><\/p>\n<p><img loading=\"lazy\" decoding=\"async\" class=\"alignnone size-medium wp-image-117068\" src=\"https:\/\/www.sudoestehoje.com.br\/novoportal\/wp-content\/uploads\/2024\/05\/novoshorizontes-600x74.gif\" alt=\"\" width=\"600\" height=\"74\" srcset=\"https:\/\/www.sudoestehoje.com.br\/novoportal\/wp-content\/uploads\/2024\/05\/novoshorizontes-600x74.gif 600w, https:\/\/www.sudoestehoje.com.br\/novoportal\/wp-content\/uploads\/2024\/05\/novoshorizontes-700x87.gif 700w\" sizes=\"auto, (max-width: 600px) 100vw, 600px\" \/><\/p>\n","protected":false},"excerpt":{"rendered":"<p>Come\u00e7aram nesta segunda-feira, 27, as inscri\u00e7\u00f5es para o Exame Nacional do Ensino M\u00e9dio (Enem). As inscri\u00e7\u00f5es v\u00e3o at\u00e9 o dia sete de junho. Os moradores do Rio Grande do Sul ter\u00e3o um prazo extra para se inscrever, devido \u00e0 calamidade p\u00fablica no estado. O Minist\u00e9rio da Educa\u00e7\u00e3o (MEC) trabalha em um novo calend\u00e1rio para esse [&hellip;]<\/p>\n","protected":false},"author":2,"featured_media":117208,"comment_status":"closed","ping_status":"open","sticky":false,"template":"","format":"standard","meta":{"footnotes":"","_links_to":"","_links_to_target":""},"categories":[1],"tags":[],"class_list":["post-117207","post","type-post","status-publish","format-standard","has-post-thumbnail","hentry","category-geral"],"views":583,"_links":{"self":[{"href":"https:\/\/www.sudoestehoje.com.br\/novoportal\/wp-json\/wp\/v2\/posts\/117207","targetHints":{"allow":["GET"]}}],"collection":[{"href":"https:\/\/www.sudoestehoje.com.br\/novoportal\/wp-json\/wp\/v2\/posts"}],"about":[{"href":"https:\/\/www.sudoestehoje.com.br\/novoportal\/wp-json\/wp\/v2\/types\/post"}],"author":[{"embeddable":true,"href":"https:\/\/www.sudoestehoje.com.br\/novoportal\/wp-json\/wp\/v2\/users\/2"}],"replies":[{"embeddable":true,"href":"https:\/\/www.sudoestehoje.com.br\/novoportal\/wp-json\/wp\/v2\/comments?post=117207"}],"version-history":[{"count":2,"href":"https:\/\/www.sudoestehoje.com.br\/novoportal\/wp-json\/wp\/v2\/posts\/117207\/revisions"}],"predecessor-version":[{"id":117210,"href":"https:\/\/www.sudoestehoje.com.br\/novoportal\/wp-json\/wp\/v2\/posts\/117207\/revisions\/117210"}],"wp:featuredmedia":[{"embeddable":true,"href":"https:\/\/www.sudoestehoje.com.br\/novoportal\/wp-json\/wp\/v2\/media\/117208"}],"wp:attachment":[{"href":"https:\/\/www.sudoestehoje.com.br\/novoportal\/wp-json\/wp\/v2\/media?parent=117207"}],"wp:term":[{"taxonomy":"category","embeddable":true,"href":"https:\/\/www.sudoestehoje.com.br\/novoportal\/wp-json\/wp\/v2\/categories?post=117207"},{"taxonomy":"post_tag","embeddable":true,"href":"https:\/\/www.sudoestehoje.com.br\/novoportal\/wp-json\/wp\/v2\/tags?post=117207"}],"curies":[{"name":"wp","href":"https:\/\/api.w.org\/{rel}","templated":true}]}}