
{"id":117187,"date":"2024-05-27T20:18:19","date_gmt":"2024-05-27T23:18:19","guid":{"rendered":"https:\/\/www.sudoestehoje.com.br\/novoportal\/?p=117187"},"modified":"2024-05-27T20:53:18","modified_gmt":"2024-05-27T23:53:18","slug":"bancos-nao-vao-abrir-na-proxima-quinta","status":"publish","type":"post","link":"https:\/\/www.sudoestehoje.com.br\/novoportal\/2024\/05\/27\/bancos-nao-vao-abrir-na-proxima-quinta\/","title":{"rendered":"BANCOS N\u00c3O V\u00c3O ABRIR NA PR\u00d3XIMA QUINTA"},"content":{"rendered":"<p><img loading=\"lazy\" decoding=\"async\" class=\"alignnone wp-image-117189\" src=\"https:\/\/www.sudoestehoje.com.br\/novoportal\/wp-content\/uploads\/2024\/05\/WhatsApp-Image-2021-09-09-at-11.39.37-600x338.jpeg\" alt=\"\" width=\"550\" height=\"310\" srcset=\"https:\/\/www.sudoestehoje.com.br\/novoportal\/wp-content\/uploads\/2024\/05\/WhatsApp-Image-2021-09-09-at-11.39.37-600x338.jpeg 600w, https:\/\/www.sudoestehoje.com.br\/novoportal\/wp-content\/uploads\/2024\/05\/WhatsApp-Image-2021-09-09-at-11.39.37-700x394.jpeg 700w, https:\/\/www.sudoestehoje.com.br\/novoportal\/wp-content\/uploads\/2024\/05\/WhatsApp-Image-2021-09-09-at-11.39.37-768x432.jpeg 768w, https:\/\/www.sudoestehoje.com.br\/novoportal\/wp-content\/uploads\/2024\/05\/WhatsApp-Image-2021-09-09-at-11.39.37-1536x865.jpeg 1536w, https:\/\/www.sudoestehoje.com.br\/novoportal\/wp-content\/uploads\/2024\/05\/WhatsApp-Image-2021-09-09-at-11.39.37.jpeg 1600w\" sizes=\"auto, (max-width: 550px) 100vw, 550px\" \/><\/p>\n<p><strong>As ag\u00eancias banc\u00e1rias de todo o pa\u00eds n\u00e3o v\u00e3o abrir ao p\u00fablico na pr\u00f3xima quinta-feira (30), em raz\u00e3o do feriado de Corpus Christi. <\/strong><\/p>\n<p><strong>Neste dia, segundo ao Federa\u00e7\u00e3o Brasileira dos Bancos (Febraban), as compensa\u00e7\u00f5es banc\u00e1rias, incluindo a Transfer\u00eancia Eletr\u00f4nica Dispon\u00edvel (TED), tamb\u00e9m n\u00e3o ser\u00e3o efetivadas. <\/strong><\/p>\n<p><strong>O Pix, por sua vez, poder\u00e1 ser feito normalmente. J\u00e1 na sexta-feira (31), o atendimento ser\u00e1 normal.<\/strong><\/p>\n<p><em><strong>Reda\u00e7\u00e3o SH<\/strong><\/em><\/p>\n<p><img loading=\"lazy\" decoding=\"async\" class=\"alignnone size-medium wp-image-116949\" src=\"https:\/\/www.sudoestehoje.com.br\/novoportal\/wp-content\/uploads\/2024\/05\/0e649906-d43b-4b90-919e-51889fc9fded-1-600x85.jpg\" alt=\"\" width=\"600\" height=\"85\" srcset=\"https:\/\/www.sudoestehoje.com.br\/novoportal\/wp-content\/uploads\/2024\/05\/0e649906-d43b-4b90-919e-51889fc9fded-1-600x85.jpg 600w, https:\/\/www.sudoestehoje.com.br\/novoportal\/wp-content\/uploads\/2024\/05\/0e649906-d43b-4b90-919e-51889fc9fded-1-700x99.jpg 700w, https:\/\/www.sudoestehoje.com.br\/novoportal\/wp-content\/uploads\/2024\/05\/0e649906-d43b-4b90-919e-51889fc9fded-1-768x109.jpg 768w, https:\/\/www.sudoestehoje.com.br\/novoportal\/wp-content\/uploads\/2024\/05\/0e649906-d43b-4b90-919e-51889fc9fded-1.jpg 1008w\" sizes=\"auto, (max-width: 600px) 100vw, 600px\" \/><\/p>\n","protected":false},"excerpt":{"rendered":"<p>As ag\u00eancias banc\u00e1rias de todo o pa\u00eds n\u00e3o v\u00e3o abrir ao p\u00fablico na pr\u00f3xima quinta-feira (30), em raz\u00e3o do feriado de Corpus Christi. Neste dia, segundo ao Federa\u00e7\u00e3o Brasileira dos Bancos (Febraban), as compensa\u00e7\u00f5es banc\u00e1rias, incluindo a Transfer\u00eancia Eletr\u00f4nica Dispon\u00edvel (TED), tamb\u00e9m n\u00e3o ser\u00e3o efetivadas. O Pix, por sua vez, poder\u00e1 ser feito normalmente. J\u00e1 [&hellip;]<\/p>\n","protected":false},"author":2,"featured_media":117189,"comment_status":"closed","ping_status":"open","sticky":false,"template":"","format":"standard","meta":{"footnotes":"","_links_to":"","_links_to_target":""},"categories":[1],"tags":[],"class_list":["post-117187","post","type-post","status-publish","format-standard","has-post-thumbnail","hentry","category-geral"],"views":587,"_links":{"self":[{"href":"https:\/\/www.sudoestehoje.com.br\/novoportal\/wp-json\/wp\/v2\/posts\/117187","targetHints":{"allow":["GET"]}}],"collection":[{"href":"https:\/\/www.sudoestehoje.com.br\/novoportal\/wp-json\/wp\/v2\/posts"}],"about":[{"href":"https:\/\/www.sudoestehoje.com.br\/novoportal\/wp-json\/wp\/v2\/types\/post"}],"author":[{"embeddable":true,"href":"https:\/\/www.sudoestehoje.com.br\/novoportal\/wp-json\/wp\/v2\/users\/2"}],"replies":[{"embeddable":true,"href":"https:\/\/www.sudoestehoje.com.br\/novoportal\/wp-json\/wp\/v2\/comments?post=117187"}],"version-history":[{"count":8,"href":"https:\/\/www.sudoestehoje.com.br\/novoportal\/wp-json\/wp\/v2\/posts\/117187\/revisions"}],"predecessor-version":[{"id":117203,"href":"https:\/\/www.sudoestehoje.com.br\/novoportal\/wp-json\/wp\/v2\/posts\/117187\/revisions\/117203"}],"wp:featuredmedia":[{"embeddable":true,"href":"https:\/\/www.sudoestehoje.com.br\/novoportal\/wp-json\/wp\/v2\/media\/117189"}],"wp:attachment":[{"href":"https:\/\/www.sudoestehoje.com.br\/novoportal\/wp-json\/wp\/v2\/media?parent=117187"}],"wp:term":[{"taxonomy":"category","embeddable":true,"href":"https:\/\/www.sudoestehoje.com.br\/novoportal\/wp-json\/wp\/v2\/categories?post=117187"},{"taxonomy":"post_tag","embeddable":true,"href":"https:\/\/www.sudoestehoje.com.br\/novoportal\/wp-json\/wp\/v2\/tags?post=117187"}],"curies":[{"name":"wp","href":"https:\/\/api.w.org\/{rel}","templated":true}]}}