
{"id":11717,"date":"2012-01-03T17:40:51","date_gmt":"2012-01-03T20:40:51","guid":{"rendered":"http:\/\/www.sudoestehoje.com.br\/novoportal\/?p=11717"},"modified":"2012-01-03T17:40:51","modified_gmt":"2012-01-03T20:40:51","slug":"itapetinga-camara-de-vereadores-devolve-r125-mil-ao-municipio","status":"publish","type":"post","link":"https:\/\/www.sudoestehoje.com.br\/novoportal\/2012\/01\/03\/itapetinga-camara-de-vereadores-devolve-r125-mil-ao-municipio\/","title":{"rendered":"ITAPETINGA: C\u00c2MARA DE VEREADORES DEVOLVE R$125 MIL AO MUNIC\u00cdPIO"},"content":{"rendered":"<p style=\"text-align: center;\"><img decoding=\"async\" class=\"aligncenter\" src=\"http:\/\/1.bp.blogspot.com\/-2TSiiTSzMeg\/TV0YjcHZ47I\/AAAAAAAAHJs\/6v43SIpGM0Y\/s1600\/V%25C3%2581RIAS+114.jpg\" alt=\"\" width=\"500\" \/><\/p>\n<p style=\"text-align: center;\"><em><strong>Mesa diretora da c\u00e2mara: Jo\u00e3o de Deus, Alfredo Cabral e Fabiano Bahia<\/strong><\/em><\/p>\n<p>No final do exerc\u00edcio de 2011, o vereador Jo\u00e3o de Deus (PMDB), presidente da C\u00e2mara Municipal de Itapetinga, encaminhou of\u00edcio ao prefeito Z\u00e9 Carlos informando que o legislativo iria efetuar a devolu\u00e7\u00e3o de R$124.908,88 \u00e0 prefeitura, recursos este que n\u00e3o foram utilizados pelo poder legislativo durante o exerc\u00edcio, resultantes da pol\u00edtica de austeridade e economia implantada em sua gest\u00e3o.<\/p>\n<p>No of\u00edcio encaminhado ao chefe do executivo, o presidente Jo\u00e3o de Deus solicitou que parte dos recursos devolvidos fossem aplicados na quita\u00e7\u00e3o de parcelas dos conv\u00eanios que o munic\u00edpio mant\u00e9m com a Institui\u00e7\u00e3o\u00a0de Promo\u00e7\u00e3o e Amparo ao Menor &#8211; IPAM e Abrigo\u00a0Lar Laura Carvalho, que se encontram em atraso, relembrando ao prefeito o compromisso assumido com os\u00a0diretores das referidas institui\u00e7\u00f5es.\u00a0Os recursos foram devolvidos no dia 29 de dezembro,\u00a0atrav\u00e9s dos cheques n\u00ba 906593 (CEF) e 009005 \u00a0(Bradesco), ambos emitidos naquela data.<\/p>\n<p>Com esta atitude, a mesa diretora da c\u00e2mara demonstrou maturidade e respeito ao dinheiro do contribuinte.<\/p>\n<p><em><strong>Da Reda\u00e7\u00e3o<\/strong><\/em><\/p>\n","protected":false},"excerpt":{"rendered":"<p>Mesa diretora da c\u00e2mara: Jo\u00e3o de Deus, Alfredo Cabral e Fabiano Bahia No final do exerc\u00edcio de 2011, o vereador Jo\u00e3o de Deus (PMDB), presidente da C\u00e2mara Municipal de Itapetinga, encaminhou of\u00edcio ao prefeito Z\u00e9 Carlos informando que o legislativo iria efetuar a devolu\u00e7\u00e3o de R$124.908,88 \u00e0 prefeitura, recursos este que n\u00e3o foram utilizados pelo [&hellip;]<\/p>\n","protected":false},"author":2,"featured_media":0,"comment_status":"open","ping_status":"open","sticky":false,"template":"","format":"standard","meta":{"footnotes":"","_links_to":"","_links_to_target":""},"categories":[1],"tags":[],"class_list":["post-11717","post","type-post","status-publish","format-standard","hentry","category-geral"],"views":1134,"_links":{"self":[{"href":"https:\/\/www.sudoestehoje.com.br\/novoportal\/wp-json\/wp\/v2\/posts\/11717","targetHints":{"allow":["GET"]}}],"collection":[{"href":"https:\/\/www.sudoestehoje.com.br\/novoportal\/wp-json\/wp\/v2\/posts"}],"about":[{"href":"https:\/\/www.sudoestehoje.com.br\/novoportal\/wp-json\/wp\/v2\/types\/post"}],"author":[{"embeddable":true,"href":"https:\/\/www.sudoestehoje.com.br\/novoportal\/wp-json\/wp\/v2\/users\/2"}],"replies":[{"embeddable":true,"href":"https:\/\/www.sudoestehoje.com.br\/novoportal\/wp-json\/wp\/v2\/comments?post=11717"}],"version-history":[{"count":3,"href":"https:\/\/www.sudoestehoje.com.br\/novoportal\/wp-json\/wp\/v2\/posts\/11717\/revisions"}],"predecessor-version":[{"id":11720,"href":"https:\/\/www.sudoestehoje.com.br\/novoportal\/wp-json\/wp\/v2\/posts\/11717\/revisions\/11720"}],"wp:attachment":[{"href":"https:\/\/www.sudoestehoje.com.br\/novoportal\/wp-json\/wp\/v2\/media?parent=11717"}],"wp:term":[{"taxonomy":"category","embeddable":true,"href":"https:\/\/www.sudoestehoje.com.br\/novoportal\/wp-json\/wp\/v2\/categories?post=11717"},{"taxonomy":"post_tag","embeddable":true,"href":"https:\/\/www.sudoestehoje.com.br\/novoportal\/wp-json\/wp\/v2\/tags?post=11717"}],"curies":[{"name":"wp","href":"https:\/\/api.w.org\/{rel}","templated":true}]}}