
{"id":117153,"date":"2024-05-26T08:36:51","date_gmt":"2024-05-26T11:36:51","guid":{"rendered":"https:\/\/www.sudoestehoje.com.br\/novoportal\/?p=117153"},"modified":"2024-05-26T08:40:46","modified_gmt":"2024-05-26T11:40:46","slug":"grade-completa-do-festival-de-inverno-e-divulgada-em-evento-solidario","status":"publish","type":"post","link":"https:\/\/www.sudoestehoje.com.br\/novoportal\/2024\/05\/26\/grade-completa-do-festival-de-inverno-e-divulgada-em-evento-solidario\/","title":{"rendered":"GRADE COMPLETA DO FESTIVAL DE INVERNO \u00c9 DIVULGADA EM EVENTO SOLID\u00c1RIO"},"content":{"rendered":"<p><img loading=\"lazy\" decoding=\"async\" class=\"alignnone wp-image-117155\" src=\"https:\/\/www.sudoestehoje.com.br\/novoportal\/wp-content\/uploads\/2024\/05\/unnamed-3-600x457.jpg\" alt=\"\" width=\"549\" height=\"418\" srcset=\"https:\/\/www.sudoestehoje.com.br\/novoportal\/wp-content\/uploads\/2024\/05\/unnamed-3-600x457.jpg 600w, https:\/\/www.sudoestehoje.com.br\/novoportal\/wp-content\/uploads\/2024\/05\/unnamed-3.jpg 670w\" sizes=\"auto, (max-width: 549px) 100vw, 549px\" \/><\/p>\n<p><strong>O mist\u00e9rio acabou! A grade do Festival de Inverno Bahia 2024 foi divulgada na madrugada de s\u00e1bado para domingo, numa super festa, no Parque de Exposi\u00e7\u00f5es de Vit\u00f3ria da Conquista, foi o Esquenta FIB.<\/strong><\/p>\n<p><strong>Maiara e Maraisa, Nando Reis e AnaVit\u00f3ria, Xand Avi\u00e3o e Seu Jorge completam o time de astros e estrelas que v\u00e3o se apresentar no palco principal da 19\u00aa Edi\u00e7\u00e3o do Festival de Inverno Bahia. Al\u00e9m deles j\u00e1 estavam confirmados Ana Castela, J\u00e3o, S\u00f3 Pra Contrariar, Samuel Rosa, Menos \u00e9 Mais e Filhos de Jorge.<\/strong><\/p>\n<p><strong>Milhares de pessoas lotaram a \u00e1rea nobre do parque, e doaram alimentos n\u00e3o perec\u00edveis que ser\u00e3o doados \u00e0s fam\u00edlias atingidas pelas enchentes no Rio Grande do Sul e, tamb\u00e9m, fam\u00edlias em situa\u00e7\u00e3o de vulnerabilidade social em Vit\u00f3ria da Conquista.<\/strong><\/p>\n<p><strong>O Festival de Inverno Bahia 2024 acontece de 23 a 25 de agosto, no Parque de Exposi\u00e7\u00f5es de Vit\u00f3ria da Conquista, e promete ser a maior edi\u00e7\u00e3o de todos os tempos. O mega evento \u00e9 realizado pela Bahia Eventos em parceria com a TV Sudoeste.<\/strong><\/p>\n<p><img loading=\"lazy\" decoding=\"async\" class=\"alignnone size-full wp-image-117157\" src=\"https:\/\/www.sudoestehoje.com.br\/novoportal\/wp-content\/uploads\/2024\/05\/BANNER-550x110-GERAL-2-1.gif\" alt=\"\" width=\"550\" height=\"110\" \/><\/p>\n","protected":false},"excerpt":{"rendered":"<p>O mist\u00e9rio acabou! A grade do Festival de Inverno Bahia 2024 foi divulgada na madrugada de s\u00e1bado para domingo, numa super festa, no Parque de Exposi\u00e7\u00f5es de Vit\u00f3ria da Conquista, foi o Esquenta FIB. Maiara e Maraisa, Nando Reis e AnaVit\u00f3ria, Xand Avi\u00e3o e Seu Jorge completam o time de astros e estrelas que v\u00e3o [&hellip;]<\/p>\n","protected":false},"author":2,"featured_media":117155,"comment_status":"closed","ping_status":"open","sticky":false,"template":"","format":"standard","meta":{"footnotes":"","_links_to":"","_links_to_target":""},"categories":[1],"tags":[],"class_list":["post-117153","post","type-post","status-publish","format-standard","has-post-thumbnail","hentry","category-geral"],"views":643,"_links":{"self":[{"href":"https:\/\/www.sudoestehoje.com.br\/novoportal\/wp-json\/wp\/v2\/posts\/117153","targetHints":{"allow":["GET"]}}],"collection":[{"href":"https:\/\/www.sudoestehoje.com.br\/novoportal\/wp-json\/wp\/v2\/posts"}],"about":[{"href":"https:\/\/www.sudoestehoje.com.br\/novoportal\/wp-json\/wp\/v2\/types\/post"}],"author":[{"embeddable":true,"href":"https:\/\/www.sudoestehoje.com.br\/novoportal\/wp-json\/wp\/v2\/users\/2"}],"replies":[{"embeddable":true,"href":"https:\/\/www.sudoestehoje.com.br\/novoportal\/wp-json\/wp\/v2\/comments?post=117153"}],"version-history":[{"count":3,"href":"https:\/\/www.sudoestehoje.com.br\/novoportal\/wp-json\/wp\/v2\/posts\/117153\/revisions"}],"predecessor-version":[{"id":117158,"href":"https:\/\/www.sudoestehoje.com.br\/novoportal\/wp-json\/wp\/v2\/posts\/117153\/revisions\/117158"}],"wp:featuredmedia":[{"embeddable":true,"href":"https:\/\/www.sudoestehoje.com.br\/novoportal\/wp-json\/wp\/v2\/media\/117155"}],"wp:attachment":[{"href":"https:\/\/www.sudoestehoje.com.br\/novoportal\/wp-json\/wp\/v2\/media?parent=117153"}],"wp:term":[{"taxonomy":"category","embeddable":true,"href":"https:\/\/www.sudoestehoje.com.br\/novoportal\/wp-json\/wp\/v2\/categories?post=117153"},{"taxonomy":"post_tag","embeddable":true,"href":"https:\/\/www.sudoestehoje.com.br\/novoportal\/wp-json\/wp\/v2\/tags?post=117153"}],"curies":[{"name":"wp","href":"https:\/\/api.w.org\/{rel}","templated":true}]}}