
{"id":117110,"date":"2024-05-17T17:17:27","date_gmt":"2024-05-17T20:17:27","guid":{"rendered":"https:\/\/www.sudoestehoje.com.br\/novoportal\/?p=117110"},"modified":"2024-05-23T17:32:43","modified_gmt":"2024-05-23T20:32:43","slug":"prefeitura-realiza-audiencia-publica-para-prestacao-de-contas-do-1o-quadrimestre-de-2024","status":"publish","type":"post","link":"https:\/\/www.sudoestehoje.com.br\/novoportal\/2024\/05\/17\/prefeitura-realiza-audiencia-publica-para-prestacao-de-contas-do-1o-quadrimestre-de-2024\/","title":{"rendered":"PREFEITURA REALIZA AUDI\u00caNCIA P\u00daBLICA PARA PRESTA\u00c7\u00c3O DE CONTAS DO 1\u00ba QUADRIMESTRE DE 2024"},"content":{"rendered":"<p><img loading=\"lazy\" decoding=\"async\" class=\"alignnone size-medium wp-image-117111\" src=\"https:\/\/www.sudoestehoje.com.br\/novoportal\/wp-content\/uploads\/2024\/05\/0aa70ea0-aef7-49d0-b0f0-1ecd77dd3027-600x363.jpg\" alt=\"\" width=\"600\" height=\"363\" srcset=\"https:\/\/www.sudoestehoje.com.br\/novoportal\/wp-content\/uploads\/2024\/05\/0aa70ea0-aef7-49d0-b0f0-1ecd77dd3027-600x363.jpg 600w, https:\/\/www.sudoestehoje.com.br\/novoportal\/wp-content\/uploads\/2024\/05\/0aa70ea0-aef7-49d0-b0f0-1ecd77dd3027-700x424.jpg 700w, https:\/\/www.sudoestehoje.com.br\/novoportal\/wp-content\/uploads\/2024\/05\/0aa70ea0-aef7-49d0-b0f0-1ecd77dd3027-768x465.jpg 768w, https:\/\/www.sudoestehoje.com.br\/novoportal\/wp-content\/uploads\/2024\/05\/0aa70ea0-aef7-49d0-b0f0-1ecd77dd3027.jpg 970w\" sizes=\"auto, (max-width: 600px) 100vw, 600px\" \/><\/p>\n<p><strong>A prefeitura de Itapetinga, atrav\u00e9s da Secretaria Municipal de Finan\u00e7as mas uma vez veio demonstrar o cumprimento das metas fiscais atrav\u00e9s da audi\u00eancia p\u00fablica do primeiro quadrimestre que aconteceu no dia 16\/05\/2024, \u00e0s 9h, na C\u00e2mara de Vereadores de Itapetinga.<\/strong><\/p>\n<p><strong>Aberto \u00e0 participa\u00e7\u00e3o de toda comunidade, o evento contou com participa\u00e7\u00e3o do Secret\u00e1rio de Finan\u00e7as Carlito Ferraz, o Controlador Interno Benedito Sodr\u00e9 e demais participantes.<\/strong><\/p>\n<p><strong>Na oportunidade foi demonstrado como se comportou a despesa e receita do munic\u00edpio neste primeiro quadrimestre. \/\/Ascom Sec. Finan\u00e7as<\/strong><\/p>\n","protected":false},"excerpt":{"rendered":"<p>A prefeitura de Itapetinga, atrav\u00e9s da Secretaria Municipal de Finan\u00e7as mas uma vez veio demonstrar o cumprimento das metas fiscais atrav\u00e9s da audi\u00eancia p\u00fablica do primeiro quadrimestre que aconteceu no dia 16\/05\/2024, \u00e0s 9h, na C\u00e2mara de Vereadores de Itapetinga. Aberto \u00e0 participa\u00e7\u00e3o de toda comunidade, o evento contou com participa\u00e7\u00e3o do Secret\u00e1rio de Finan\u00e7as [&hellip;]<\/p>\n","protected":false},"author":2,"featured_media":117111,"comment_status":"closed","ping_status":"open","sticky":false,"template":"","format":"standard","meta":{"footnotes":"","_links_to":"","_links_to_target":""},"categories":[1],"tags":[],"class_list":["post-117110","post","type-post","status-publish","format-standard","has-post-thumbnail","hentry","category-geral"],"views":468,"_links":{"self":[{"href":"https:\/\/www.sudoestehoje.com.br\/novoportal\/wp-json\/wp\/v2\/posts\/117110","targetHints":{"allow":["GET"]}}],"collection":[{"href":"https:\/\/www.sudoestehoje.com.br\/novoportal\/wp-json\/wp\/v2\/posts"}],"about":[{"href":"https:\/\/www.sudoestehoje.com.br\/novoportal\/wp-json\/wp\/v2\/types\/post"}],"author":[{"embeddable":true,"href":"https:\/\/www.sudoestehoje.com.br\/novoportal\/wp-json\/wp\/v2\/users\/2"}],"replies":[{"embeddable":true,"href":"https:\/\/www.sudoestehoje.com.br\/novoportal\/wp-json\/wp\/v2\/comments?post=117110"}],"version-history":[{"count":4,"href":"https:\/\/www.sudoestehoje.com.br\/novoportal\/wp-json\/wp\/v2\/posts\/117110\/revisions"}],"predecessor-version":[{"id":117115,"href":"https:\/\/www.sudoestehoje.com.br\/novoportal\/wp-json\/wp\/v2\/posts\/117110\/revisions\/117115"}],"wp:featuredmedia":[{"embeddable":true,"href":"https:\/\/www.sudoestehoje.com.br\/novoportal\/wp-json\/wp\/v2\/media\/117111"}],"wp:attachment":[{"href":"https:\/\/www.sudoestehoje.com.br\/novoportal\/wp-json\/wp\/v2\/media?parent=117110"}],"wp:term":[{"taxonomy":"category","embeddable":true,"href":"https:\/\/www.sudoestehoje.com.br\/novoportal\/wp-json\/wp\/v2\/categories?post=117110"},{"taxonomy":"post_tag","embeddable":true,"href":"https:\/\/www.sudoestehoje.com.br\/novoportal\/wp-json\/wp\/v2\/tags?post=117110"}],"curies":[{"name":"wp","href":"https:\/\/api.w.org\/{rel}","templated":true}]}}