
{"id":11709,"date":"2012-01-02T19:58:52","date_gmt":"2012-01-02T22:58:52","guid":{"rendered":"http:\/\/www.sudoestehoje.com.br\/novoportal\/?p=11709"},"modified":"2012-01-02T20:06:11","modified_gmt":"2012-01-02T23:06:11","slug":"geraldo-simoes-alfineta-petistas-de-conquista-na-voz-do-brasil","status":"publish","type":"post","link":"https:\/\/www.sudoestehoje.com.br\/novoportal\/2012\/01\/02\/geraldo-simoes-alfineta-petistas-de-conquista-na-voz-do-brasil\/","title":{"rendered":"GERALDO SIM\u00d5ES &#8216;ALFINETA&#8217; PETISTAS DE CONQUISTA NA &#8216;VOZ DO BRASIL&#8217;"},"content":{"rendered":"<p style=\"text-align: center;\"><img decoding=\"async\" class=\"aligncenter\" src=\"http:\/\/2.bp.blogspot.com\/_BpMnDzUtIqc\/TD4RdWmgBzI\/AAAAAAAAAkA\/SeI_mIGWFzs\/s320\/geraldoo.jpg\" alt=\"\" width=\"400\" \/><\/p>\n<p style=\"text-align: center;\"><strong><em>Dep. Geraldo Sim\u00f5es, ex-prefeito de Itabuna<\/em><\/strong><\/p>\n<p>CONQUISTA: Not\u00edcia divulgada na Voz do Brasil, na \u00faltima sexta-feira (30), destaca a situa\u00e7\u00e3o de Vit\u00f3ria da Conquista, que ocupa a 8\u00aa posi\u00e7\u00e3o no Mapa da Viol\u00eancia de 2011, divulgado pelo Minist\u00e9rio da Justi\u00e7a. Veja a transcri\u00e7\u00e3o da not\u00edcia, na narra\u00e7\u00e3o do locutor da da Voz do Brasil:<\/p>\n<p>&#8220;O deputado\u00a0<em>Geraldo Sim\u00f5es, do PT da Bahia, comentou o mapa da viol\u00eancia 2011, publicado pelo Minist\u00e9rio da Justi\u00e7a. Ele lamentou a inclus\u00e3o do munic\u00edpio de Vit\u00f3ria da Conquista na oitava coloca\u00e7\u00e3o do ranking. Para Geraldo Sim\u00f5es, o fato n\u00e3o se deve \u00e0 falta de policiais ou viaturas e sim de pol\u00edticas sociais. O parlamentar frisou que o \u00edndice aceit\u00e1vel \u00e9 de 10 mortes para cada 100 mil habitantes, por\u00e9m a cidade baiana registrou m\u00e9dia de 103,9 mortes<\/em>.\u201d<\/p>\n<p>Enquanto &#8216;Geraldinho&#8217; alfineta os &#8220;companheiros&#8221; de Vit\u00f3ria da Conquista, a viol\u00eancia corre solta em Itabuna, seu principal reduto eleitoral, que lidera, desde 2009, o ranking nacional de homic\u00eddios cometidos contra jovens, na faixa et\u00e1ria de 15 e 24 anos.<\/p>\n<p>&#8220;Macaco senta no rabo &#8230;&#8221;<\/p>\n<p><em><strong>Da Reda\u00e7\u00e3o<\/strong><\/em><\/p>\n","protected":false},"excerpt":{"rendered":"<p>Dep. Geraldo Sim\u00f5es, ex-prefeito de Itabuna CONQUISTA: Not\u00edcia divulgada na Voz do Brasil, na \u00faltima sexta-feira (30), destaca a situa\u00e7\u00e3o de Vit\u00f3ria da Conquista, que ocupa a 8\u00aa posi\u00e7\u00e3o no Mapa da Viol\u00eancia de 2011, divulgado pelo Minist\u00e9rio da Justi\u00e7a. Veja a transcri\u00e7\u00e3o da not\u00edcia, na narra\u00e7\u00e3o do locutor da da Voz do Brasil: &#8220;O [&hellip;]<\/p>\n","protected":false},"author":2,"featured_media":0,"comment_status":"open","ping_status":"open","sticky":false,"template":"","format":"standard","meta":{"footnotes":"","_links_to":"","_links_to_target":""},"categories":[1],"tags":[],"class_list":["post-11709","post","type-post","status-publish","format-standard","hentry","category-geral"],"views":1113,"_links":{"self":[{"href":"https:\/\/www.sudoestehoje.com.br\/novoportal\/wp-json\/wp\/v2\/posts\/11709","targetHints":{"allow":["GET"]}}],"collection":[{"href":"https:\/\/www.sudoestehoje.com.br\/novoportal\/wp-json\/wp\/v2\/posts"}],"about":[{"href":"https:\/\/www.sudoestehoje.com.br\/novoportal\/wp-json\/wp\/v2\/types\/post"}],"author":[{"embeddable":true,"href":"https:\/\/www.sudoestehoje.com.br\/novoportal\/wp-json\/wp\/v2\/users\/2"}],"replies":[{"embeddable":true,"href":"https:\/\/www.sudoestehoje.com.br\/novoportal\/wp-json\/wp\/v2\/comments?post=11709"}],"version-history":[{"count":5,"href":"https:\/\/www.sudoestehoje.com.br\/novoportal\/wp-json\/wp\/v2\/posts\/11709\/revisions"}],"predecessor-version":[{"id":11713,"href":"https:\/\/www.sudoestehoje.com.br\/novoportal\/wp-json\/wp\/v2\/posts\/11709\/revisions\/11713"}],"wp:attachment":[{"href":"https:\/\/www.sudoestehoje.com.br\/novoportal\/wp-json\/wp\/v2\/media?parent=11709"}],"wp:term":[{"taxonomy":"category","embeddable":true,"href":"https:\/\/www.sudoestehoje.com.br\/novoportal\/wp-json\/wp\/v2\/categories?post=11709"},{"taxonomy":"post_tag","embeddable":true,"href":"https:\/\/www.sudoestehoje.com.br\/novoportal\/wp-json\/wp\/v2\/tags?post=11709"}],"curies":[{"name":"wp","href":"https:\/\/api.w.org\/{rel}","templated":true}]}}