
{"id":11705,"date":"2012-01-02T19:21:40","date_gmt":"2012-01-02T22:21:40","guid":{"rendered":"http:\/\/www.sudoestehoje.com.br\/novoportal\/?p=11705"},"modified":"2012-01-02T19:21:40","modified_gmt":"2012-01-02T22:21:40","slug":"tumulto-no-aeroporto-de-conquista","status":"publish","type":"post","link":"https:\/\/www.sudoestehoje.com.br\/novoportal\/2012\/01\/02\/tumulto-no-aeroporto-de-conquista\/","title":{"rendered":"TUMULTO NO AEROPORTO DE CONQUISTA"},"content":{"rendered":"<p style=\"text-align: center;\"><img decoding=\"async\" class=\"aligncenter\" src=\"http:\/\/www.blogdaresenhageral.com.br\/v1\/wp-content\/uploads\/foto-1171.jpg\" alt=\"\" width=\"500\" \/><\/p>\n<p style=\"text-align: center;\"><em><strong>N\u00e3o havia funcion\u00e1rios no balc\u00e3o de check-in da Passaredo<\/strong><\/em><\/p>\n<p>CONQUISTA: Na manh\u00e3 deste domingo (1\u00b0) uma confus\u00e3o tomou conta do aeroporto Pedro Otac\u00edlio de Figueiredo, em Vit\u00f3ria da Conquista. O tumulto aconteceu ap\u00f3s alguns passageiros chegarem para realizarem o check-in. Eles iriam embarcar no v\u00f4o da Passaredo com destino a S\u00e3o Paulo, marcado para 09h.\u00a0\u00a0Ao chegarem para efetuar o check-in n\u00e3o havia ningu\u00e9m para atender, afirmaram os passageiros. O avi\u00e3o pousou e decolou, por\u00e9m eles n\u00e3o conseguiram embarcar.\u00a0Os passageiros se irritaram com a situa\u00e7\u00e3o e iniciaram o tumulto.<\/p>\n<p>Policiais Militares, que faziam a seguran\u00e7a no local, conversaram com os passageiros, entraram em contato com a Passaredo e conseguiram contornar o problema. A empresa a\u00e9rea disponibilizou as novas passagens para os passageiros prejudicados para que pudessem embarcar nesta segunda-feira (02).<\/p>\n<p><em><strong>Resenha Geral<\/strong><\/em><\/p>\n","protected":false},"excerpt":{"rendered":"<p>N\u00e3o havia funcion\u00e1rios no balc\u00e3o de check-in da Passaredo CONQUISTA: Na manh\u00e3 deste domingo (1\u00b0) uma confus\u00e3o tomou conta do aeroporto Pedro Otac\u00edlio de Figueiredo, em Vit\u00f3ria da Conquista. O tumulto aconteceu ap\u00f3s alguns passageiros chegarem para realizarem o check-in. Eles iriam embarcar no v\u00f4o da Passaredo com destino a S\u00e3o Paulo, marcado para 09h.\u00a0\u00a0Ao [&hellip;]<\/p>\n","protected":false},"author":2,"featured_media":0,"comment_status":"open","ping_status":"open","sticky":false,"template":"","format":"standard","meta":{"footnotes":"","_links_to":"","_links_to_target":""},"categories":[1],"tags":[],"class_list":["post-11705","post","type-post","status-publish","format-standard","hentry","category-geral"],"views":971,"_links":{"self":[{"href":"https:\/\/www.sudoestehoje.com.br\/novoportal\/wp-json\/wp\/v2\/posts\/11705","targetHints":{"allow":["GET"]}}],"collection":[{"href":"https:\/\/www.sudoestehoje.com.br\/novoportal\/wp-json\/wp\/v2\/posts"}],"about":[{"href":"https:\/\/www.sudoestehoje.com.br\/novoportal\/wp-json\/wp\/v2\/types\/post"}],"author":[{"embeddable":true,"href":"https:\/\/www.sudoestehoje.com.br\/novoportal\/wp-json\/wp\/v2\/users\/2"}],"replies":[{"embeddable":true,"href":"https:\/\/www.sudoestehoje.com.br\/novoportal\/wp-json\/wp\/v2\/comments?post=11705"}],"version-history":[{"count":3,"href":"https:\/\/www.sudoestehoje.com.br\/novoportal\/wp-json\/wp\/v2\/posts\/11705\/revisions"}],"predecessor-version":[{"id":11708,"href":"https:\/\/www.sudoestehoje.com.br\/novoportal\/wp-json\/wp\/v2\/posts\/11705\/revisions\/11708"}],"wp:attachment":[{"href":"https:\/\/www.sudoestehoje.com.br\/novoportal\/wp-json\/wp\/v2\/media?parent=11705"}],"wp:term":[{"taxonomy":"category","embeddable":true,"href":"https:\/\/www.sudoestehoje.com.br\/novoportal\/wp-json\/wp\/v2\/categories?post=11705"},{"taxonomy":"post_tag","embeddable":true,"href":"https:\/\/www.sudoestehoje.com.br\/novoportal\/wp-json\/wp\/v2\/tags?post=11705"}],"curies":[{"name":"wp","href":"https:\/\/api.w.org\/{rel}","templated":true}]}}