
{"id":11700,"date":"2012-01-02T15:07:31","date_gmt":"2012-01-02T18:07:31","guid":{"rendered":"http:\/\/www.sudoestehoje.com.br\/novoportal\/?p=11700"},"modified":"2012-01-02T15:07:31","modified_gmt":"2012-01-02T18:07:31","slug":"dicas-de-como-enfrentar-gastos-de-inicio-de-ano","status":"publish","type":"post","link":"https:\/\/www.sudoestehoje.com.br\/novoportal\/2012\/01\/02\/dicas-de-como-enfrentar-gastos-de-inicio-de-ano\/","title":{"rendered":"DICAS DE COMO ENFRENTAR GASTOS DE IN\u00cdCIO DE ANO"},"content":{"rendered":"<p style=\"text-align: center;\"><img decoding=\"async\" class=\"aligncenter\" src=\"http:\/\/assets0.exame.abril.com.br\/assets\/pictures\/46675\/size_590_maos-fazendo-contas.jpg?1324470669\" alt=\"\" width=\"500\" \/><\/p>\n<p>Janeiro chegou e, junto com ele, vem a\u00ed um emaranhado de contas extras para quem tem carro, casa pr\u00f3pria e filho na escola. \u00c9 IPTU, IPVA, matr\u00edcula do col\u00e9gio e material did\u00e1tico. Um quarteto que promete pesar no bolso j\u00e1 neste in\u00edcio de ano. E se voc\u00ea n\u00e3o se programou ao longo de 2011 para esses gastos, n\u00e3o perca tempo. Especialistas garantem que ainda \u00e9 poss\u00edvel se organizar para n\u00e3o come\u00e7ar 2012 no vermelho.<\/p>\n<p>Aqueles que n\u00e3o assumiram novas d\u00edvidas e guardaram o dinheiro extra do 13\u00ba ter\u00e3o uma certa vantagem, garante o consultor financeiro, Lucas Leal. Mas ele lembra que essa poupan\u00e7a para quitar os d\u00e9bitos deve ser usada com cautela. &#8220;Primeiro, \u00e9 bacana organizar todos os gastos do in\u00edcio do ano. O ideal \u00e9 fazer uma lista com os d\u00e9bitos do IPVA, IPTU, matr\u00edcula, entre outros e depois dividir a receita corretamente&#8221;, explica.<\/p>\n<p>Na hora de pagar as contas, n\u00e3o existe uma regra do que quitar primeiro, comenta o tamb\u00e9m consultor financeiro, Ricardo Cintra. Nesse caso, diz ele, \u00e9 v\u00e1lido o bom- senso.<\/p>\n<p>&#8220;Descontos para quem paga antecipado, por exemplo, \u00e9 sempre bom. Mas se voc\u00ea n\u00e3o tem dinheiro dispon\u00edvel para quitar um d\u00e9bito inteiro, n\u00e3o vale a pena deixar de lado uma outra conta para fazer o sacrif\u00edcio. Esse tipo julgamento precisa ser feito&#8221;.<\/p>\n<p>De acordo com Cintra, agir precipitadamente pode ser uma armadilha. &#8220;Ter dinheiro na m\u00e3o d\u00e1 uma sensa\u00e7\u00e3o de poder e a pessoa acredita que pode comprar tudo ou pagar tudo. N\u00e3o \u00e9 bem assim. \u00c9 preciso ter bom-senso&#8221;.<\/p>\n<p>Mas e o parcelamento, ser\u00e1 que compensa nesses casos? Cintra acredita que sim. &#8220;Eu costumo dizer que o parcelamento por si s\u00f3 n\u00e3o \u00e9 o problema. Se voc\u00ea pode parcelar e a presta\u00e7\u00e3o cabe no seu or\u00e7amento, \u00f3timo&#8221;.<\/p>\n<p>No caso do material escolar, por exemplo, Cintra d\u00e1 outra dica. &#8220;Os pais podem se reunir em grupos e fazer compras coletivas. Ao inv\u00e9s de comprar um livro, compra logo dez. Com isso, \u00e9 poss\u00edvel ter bons descontos&#8221;, ensina.<!--more--><\/p>\n<p style=\"text-align: center;\"><img decoding=\"async\" class=\"aligncenter\" src=\"http:\/\/www.correio24horas.com.br\/fileadmin\/user_upload\/tt_news\/AFotos1\/financas.jpg\" alt=\"\" \/><\/p>\n<p><strong>Planejamento<\/strong><br \/>\nE se voc\u00ea n\u00e3o quer passar por esse mesmo sufoco em 2013, agora \u00e9 a hora de come\u00e7ar a se planejar. Leal ensina que o apontamento dos gastos \u00e9 o melhor caminho. Assim, com o controle do que entra e sai, voc\u00ea pode separar uma quantia desde j\u00e1 para n\u00e3o passar aperto.<\/p>\n<p>Cintra concorda. Ele diz que as pessoas precisam agir como empresas, nesse aspecto. &#8220;Se a empresa passa o ano se programando para seus gastos, as pessoas tamb\u00e9m devem fazer isso. Esse \u00e9 o racioc\u00ednio a ser usado&#8221;, diz.<\/p>\n<p>Segundo ele, fazer uma estimativa com base nos valores dos anos anteriores ajuda a controlar o or\u00e7amento. &#8220;S\u00e3o gastos que n\u00e3o s\u00e3o surpresas. Ent\u00e3o aconselho a pessoa a calcul\u00e1-los com base nos outros anos e dividir o total pelos 12 meses. \u00c9 dif\u00edcil, mas, pelo menos, quando chegar a \u00e9poca a pessoa ter\u00e1 a vantagem de pagar o valor integral ou ainda contar com um troco&#8221;.<\/p>\n<p><strong>IPTU: desconto de 10% ou de 5%<\/strong><br \/>\nEm Salvador, a corre\u00e7\u00e3o do IPTU 2012 ser\u00e1 de 7,12% &#8211; e o imposto \u00e9 o primeiro a pesar no bolso dos moradores da cidade. At\u00e9 o dia 5 de fevereiro, a prefeitura oferece 10% de desconto para quem pagar o valor integral. J\u00e1 quem deixar para pagar at\u00e9 5 de mar\u00e7o ter\u00e1 apenas 5% de abatimento na cota \u00fanica do IPTU. Quem decidir parcelar o imposto tamb\u00e9m precisa pagar a primeira cota em fevereiro. O IPTU pode ser parcelado em 11 presta\u00e7\u00f5es, com in\u00edcio em fevereiro e parcela m\u00ednima de R$ 26,91.<\/p>\n<p>A prefeitura de Salvador passou a dar as duas op\u00e7\u00f5es de pagamento com desconto porque muitos contribuintes queriam pagar de uma s\u00f3 vez, mas tinham dificuldade de fazer isso em fevereiro quando acumulam-se d\u00edvidas do Natal e despesas com material escolar.<\/p>\n<p>No ano passado, quase 50% dos contribuintes que pagaram IPTU fizeram o pagamento em cota \u00fanica para garantir o desconto. Especialistas em finan\u00e7as afirmam que aqueles que t\u00eam o valor em caixa &#8211; ou na popupan\u00e7a &#8211; devem aproveitar o desconto. S\u00f3 n\u00e3o vale contrair d\u00edvida com bancos para pagar a cota \u00fanica, j\u00e1 que o parcelamento do imposto n\u00e3o tem juros e o empr\u00e9stimo banc\u00e1rio sim.<\/p>\n<p>Ser\u00e3o distribu\u00eddos 585 mil carn\u00eas a partir deste m\u00eas, mas a Secretaria da Fazenda de Salvador ainda n\u00e3o tem previs\u00e3o de quanto ser\u00e1 arrecadado. A prefeitura far\u00e1 uma campanha, para explicar o que fazer no caso do carn\u00ea n\u00e3o chegar. Os contribuintes podem acessar o boleto atrav\u00e9s do site na internet (sefaz.salvador.ba.gov.br).<\/p>\n<p><strong>IPVA com desconto at\u00e9 29\/2<\/strong><br \/>\nOs contribuintes baianos podem aproveitar\u00a0 o desconto de 10% no IPVA para pagamento em cota \u00fanica at\u00e9 29 de fevereiro de 2012. Existe ainda a op\u00e7\u00e3o de pagar com 5% de abatimento. Para isso, \u00e9 s\u00f3 quitar o valor integral do imposto no dia do vencimento da primeira cota, data que varia de acordo com o n\u00famero final da placa do ve\u00edculo.<\/p>\n<p>As primeiras cotas das placas de final 1 e 2 t\u00eam vencimento em mar\u00e7o; 3 e 4, em abril; 5 e 6 em maio; 7 e 8 em junho; e 9 e 0 em julho. Os propriet\u00e1rios de ve\u00edculos t\u00eam ainda a op\u00e7\u00e3o de parcelar o imposto em tr\u00eas vezes. O propriet\u00e1rio que perder o prazo da primeira cota deixa de ter tamb\u00e9m o direito ao parcelamento em tr\u00eas vezes. A frota total da Bahia \u00e9 de mais de 2,7 milh\u00f5es de ve\u00edculos, sendo que 1,6 milh\u00e3o pertencem \u00e0 frota tribut\u00e1vel &#8211; ve\u00edculos que pagam o IPVA.<\/p>\n<p><em><strong>CORREIO<\/strong><\/em><\/p>\n","protected":false},"excerpt":{"rendered":"<p>Janeiro chegou e, junto com ele, vem a\u00ed um emaranhado de contas extras para quem tem carro, casa pr\u00f3pria e filho na escola. \u00c9 IPTU, IPVA, matr\u00edcula do col\u00e9gio e material did\u00e1tico. Um quarteto que promete pesar no bolso j\u00e1 neste in\u00edcio de ano. E se voc\u00ea n\u00e3o se programou ao longo de 2011 para [&hellip;]<\/p>\n","protected":false},"author":2,"featured_media":0,"comment_status":"open","ping_status":"open","sticky":false,"template":"","format":"standard","meta":{"footnotes":"","_links_to":"","_links_to_target":""},"categories":[1],"tags":[],"class_list":["post-11700","post","type-post","status-publish","format-standard","hentry","category-geral"],"views":1175,"_links":{"self":[{"href":"https:\/\/www.sudoestehoje.com.br\/novoportal\/wp-json\/wp\/v2\/posts\/11700","targetHints":{"allow":["GET"]}}],"collection":[{"href":"https:\/\/www.sudoestehoje.com.br\/novoportal\/wp-json\/wp\/v2\/posts"}],"about":[{"href":"https:\/\/www.sudoestehoje.com.br\/novoportal\/wp-json\/wp\/v2\/types\/post"}],"author":[{"embeddable":true,"href":"https:\/\/www.sudoestehoje.com.br\/novoportal\/wp-json\/wp\/v2\/users\/2"}],"replies":[{"embeddable":true,"href":"https:\/\/www.sudoestehoje.com.br\/novoportal\/wp-json\/wp\/v2\/comments?post=11700"}],"version-history":[{"count":4,"href":"https:\/\/www.sudoestehoje.com.br\/novoportal\/wp-json\/wp\/v2\/posts\/11700\/revisions"}],"predecessor-version":[{"id":11704,"href":"https:\/\/www.sudoestehoje.com.br\/novoportal\/wp-json\/wp\/v2\/posts\/11700\/revisions\/11704"}],"wp:attachment":[{"href":"https:\/\/www.sudoestehoje.com.br\/novoportal\/wp-json\/wp\/v2\/media?parent=11700"}],"wp:term":[{"taxonomy":"category","embeddable":true,"href":"https:\/\/www.sudoestehoje.com.br\/novoportal\/wp-json\/wp\/v2\/categories?post=11700"},{"taxonomy":"post_tag","embeddable":true,"href":"https:\/\/www.sudoestehoje.com.br\/novoportal\/wp-json\/wp\/v2\/tags?post=11700"}],"curies":[{"name":"wp","href":"https:\/\/api.w.org\/{rel}","templated":true}]}}