
{"id":1170,"date":"2010-10-12T20:57:06","date_gmt":"2010-10-12T23:57:06","guid":{"rendered":"http:\/\/sudoestehoje.tempsite.ws\/novoportal\/?p=1170"},"modified":"2010-10-12T20:57:06","modified_gmt":"2010-10-12T23:57:06","slug":"pv-define-nesta-quarta-apoio-a-candidato-no-segundo-turno","status":"publish","type":"post","link":"https:\/\/www.sudoestehoje.com.br\/novoportal\/2010\/10\/12\/pv-define-nesta-quarta-apoio-a-candidato-no-segundo-turno\/","title":{"rendered":"PV define nesta quarta apoio a candidato no segundo turno"},"content":{"rendered":"<p style=\"text-align: center;\">\u00a0<\/p>\n<p style=\"text-align: center;\"><img decoding=\"async\" src=\"http:\/\/www.portalexame.abril.com.br\/imagem\/marina-silva-pv-abr-460.jpg\" alt=\"\" \/><\/p>\n<p style=\"text-align: center;\"><strong>Marina deve anunciar a posi\u00e7\u00e3o do PV<\/strong><\/p>\n<p>\u00a0<\/p>\n<p>A expectativa em torno do apoio do PV aos candidatos que disputam o segundo turno das elei\u00e7\u00f5es presidenciais deve terminar amanh\u00e3 (13), com a reuni\u00e3o da dire\u00e7\u00e3o nacional do partido em Bras\u00edlia.<\/p>\n<p>Fora da corrida pela presid\u00eancia da Rep\u00fablica, a legenda dever\u00e1 escolher entre Dilma Rousseff (PT) e Jos\u00e9 Serra (PSDB) para formar uma alian\u00e7a. H\u00e1 ainda a possibilidade de que o PV adote a neutralidade, deixando a escolha dos eleitores o candidato a ser votado no pleito do dia 31 deste m\u00eas. Tribuna da Bahia<\/p>\n","protected":false},"excerpt":{"rendered":"<p>\u00a0 Marina deve anunciar a posi\u00e7\u00e3o do PV \u00a0 A expectativa em torno do apoio do PV aos candidatos que disputam o segundo turno das elei\u00e7\u00f5es presidenciais deve terminar amanh\u00e3 (13), com a reuni\u00e3o da dire\u00e7\u00e3o nacional do partido em Bras\u00edlia. Fora da corrida pela presid\u00eancia da Rep\u00fablica, a legenda dever\u00e1 escolher entre Dilma Rousseff [&hellip;]<\/p>\n","protected":false},"author":2,"featured_media":0,"comment_status":"open","ping_status":"open","sticky":false,"template":"","format":"standard","meta":{"footnotes":"","_links_to":"","_links_to_target":""},"categories":[1],"tags":[],"class_list":["post-1170","post","type-post","status-publish","format-standard","hentry","category-geral"],"views":1167,"_links":{"self":[{"href":"https:\/\/www.sudoestehoje.com.br\/novoportal\/wp-json\/wp\/v2\/posts\/1170","targetHints":{"allow":["GET"]}}],"collection":[{"href":"https:\/\/www.sudoestehoje.com.br\/novoportal\/wp-json\/wp\/v2\/posts"}],"about":[{"href":"https:\/\/www.sudoestehoje.com.br\/novoportal\/wp-json\/wp\/v2\/types\/post"}],"author":[{"embeddable":true,"href":"https:\/\/www.sudoestehoje.com.br\/novoportal\/wp-json\/wp\/v2\/users\/2"}],"replies":[{"embeddable":true,"href":"https:\/\/www.sudoestehoje.com.br\/novoportal\/wp-json\/wp\/v2\/comments?post=1170"}],"version-history":[{"count":2,"href":"https:\/\/www.sudoestehoje.com.br\/novoportal\/wp-json\/wp\/v2\/posts\/1170\/revisions"}],"predecessor-version":[{"id":1172,"href":"https:\/\/www.sudoestehoje.com.br\/novoportal\/wp-json\/wp\/v2\/posts\/1170\/revisions\/1172"}],"wp:attachment":[{"href":"https:\/\/www.sudoestehoje.com.br\/novoportal\/wp-json\/wp\/v2\/media?parent=1170"}],"wp:term":[{"taxonomy":"category","embeddable":true,"href":"https:\/\/www.sudoestehoje.com.br\/novoportal\/wp-json\/wp\/v2\/categories?post=1170"},{"taxonomy":"post_tag","embeddable":true,"href":"https:\/\/www.sudoestehoje.com.br\/novoportal\/wp-json\/wp\/v2\/tags?post=1170"}],"curies":[{"name":"wp","href":"https:\/\/api.w.org\/{rel}","templated":true}]}}