
{"id":116934,"date":"2024-05-14T10:35:00","date_gmt":"2024-05-14T13:35:00","guid":{"rendered":"https:\/\/www.sudoestehoje.com.br\/novoportal\/?p=116934"},"modified":"2024-05-14T10:47:31","modified_gmt":"2024-05-14T13:47:31","slug":"oeste-homem-fica-preso-em-colheitadeira-e-e-resgatado-pelo-corpo-de-bombeiros","status":"publish","type":"post","link":"https:\/\/www.sudoestehoje.com.br\/novoportal\/2024\/05\/14\/oeste-homem-fica-preso-em-colheitadeira-e-e-resgatado-pelo-corpo-de-bombeiros\/","title":{"rendered":"OESTE | HOMEM FICA PRESO EM COLHEITADEIRA E \u00c9 RESGATADO PELO CORPO DE BOMBEIROS"},"content":{"rendered":"<p><img loading=\"lazy\" decoding=\"async\" class=\"alignnone wp-image-116936\" src=\"https:\/\/www.sudoestehoje.com.br\/novoportal\/wp-content\/uploads\/2024\/05\/8124f2c6-5630-463e-918c-c57841ee3653-600x344.jpg\" alt=\"\" width=\"551\" height=\"316\" srcset=\"https:\/\/www.sudoestehoje.com.br\/novoportal\/wp-content\/uploads\/2024\/05\/8124f2c6-5630-463e-918c-c57841ee3653-600x344.jpg 600w, https:\/\/www.sudoestehoje.com.br\/novoportal\/wp-content\/uploads\/2024\/05\/8124f2c6-5630-463e-918c-c57841ee3653-700x401.jpg 700w, https:\/\/www.sudoestehoje.com.br\/novoportal\/wp-content\/uploads\/2024\/05\/8124f2c6-5630-463e-918c-c57841ee3653-768x440.jpg 768w, https:\/\/www.sudoestehoje.com.br\/novoportal\/wp-content\/uploads\/2024\/05\/8124f2c6-5630-463e-918c-c57841ee3653.jpg 1054w\" sizes=\"auto, (max-width: 551px) 100vw, 551px\" \/><\/p>\n<p><strong>O Corpo de Bombeiros resgatou, nesta segunda-feira (13), um trabalhador que ficou preso pelos p\u00e9s ao eixo de uma colheitadeira em uma fazenda localizada na BR-020, no munic\u00edpio de\u00a0Lu\u00eds Eduardo Magalh\u00e3es.<\/strong><\/p>\n<p><strong>De acordo com informa\u00e7\u00f5es do Corpo de Bombeiros, os militares precisaram utilizar uma ferramenta para abrir as ferragens do eixo da m\u00e1quina e realizar o resgate.<\/strong><\/p>\n<div id=\"chunk-d2khi\">\n<div class=\"mc-column content-text active-extra-styles \" data-block-type=\"unstyled\" data-block-weight=\"38\" data-block-id=\"8\">\n<p class=\" content-text__container \" data-track-category=\"Link no Texto\" data-track-links=\"\" data-mrf-recirculation=\"Article links\"><strong>Por causa da complexidade da opera\u00e7\u00e3o, uma empilhadeira da fazenda foi usada para realizar a descida da v\u00edtima da m\u00e1quina at\u00e9 o solo, onde foi atendida pela equipe m\u00e9dica do Servi\u00e7o de Atendimento M\u00f3vel de Urg\u00eancia (Samu).<\/strong><\/p>\n<\/div>\n<\/div>\n<div id=\"chunk-eoc74\">\n<div class=\"content-ads content-ads--reveal\" data-block-type=\"ads\" data-block-id=\"9\"><strong>N\u00e3o h\u00e1 detalhes sobre o estado de sa\u00fade dele. \/\/G1<\/strong><\/div>\n<div data-block-type=\"ads\" data-block-id=\"9\"><img loading=\"lazy\" decoding=\"async\" class=\"alignnone size-medium wp-image-116941\" src=\"https:\/\/www.sudoestehoje.com.br\/novoportal\/wp-content\/uploads\/2024\/05\/a1d91ee8-c2c3-40d9-beef-2fbebe949481-600x85.jpg\" alt=\"\" width=\"600\" height=\"85\" srcset=\"https:\/\/www.sudoestehoje.com.br\/novoportal\/wp-content\/uploads\/2024\/05\/a1d91ee8-c2c3-40d9-beef-2fbebe949481-600x85.jpg 600w, https:\/\/www.sudoestehoje.com.br\/novoportal\/wp-content\/uploads\/2024\/05\/a1d91ee8-c2c3-40d9-beef-2fbebe949481-700x99.jpg 700w, https:\/\/www.sudoestehoje.com.br\/novoportal\/wp-content\/uploads\/2024\/05\/a1d91ee8-c2c3-40d9-beef-2fbebe949481-768x109.jpg 768w, https:\/\/www.sudoestehoje.com.br\/novoportal\/wp-content\/uploads\/2024\/05\/a1d91ee8-c2c3-40d9-beef-2fbebe949481.jpg 1079w\" sizes=\"auto, (max-width: 600px) 100vw, 600px\" \/><\/div>\n<\/div>\n","protected":false},"excerpt":{"rendered":"<p>O Corpo de Bombeiros resgatou, nesta segunda-feira (13), um trabalhador que ficou preso pelos p\u00e9s ao eixo de uma colheitadeira em uma fazenda localizada na BR-020, no munic\u00edpio de\u00a0Lu\u00eds Eduardo Magalh\u00e3es. De acordo com informa\u00e7\u00f5es do Corpo de Bombeiros, os militares precisaram utilizar uma ferramenta para abrir as ferragens do eixo da m\u00e1quina e realizar [&hellip;]<\/p>\n","protected":false},"author":2,"featured_media":116936,"comment_status":"closed","ping_status":"open","sticky":false,"template":"","format":"standard","meta":{"footnotes":"","_links_to":"","_links_to_target":""},"categories":[1],"tags":[],"class_list":["post-116934","post","type-post","status-publish","format-standard","has-post-thumbnail","hentry","category-geral"],"views":679,"_links":{"self":[{"href":"https:\/\/www.sudoestehoje.com.br\/novoportal\/wp-json\/wp\/v2\/posts\/116934","targetHints":{"allow":["GET"]}}],"collection":[{"href":"https:\/\/www.sudoestehoje.com.br\/novoportal\/wp-json\/wp\/v2\/posts"}],"about":[{"href":"https:\/\/www.sudoestehoje.com.br\/novoportal\/wp-json\/wp\/v2\/types\/post"}],"author":[{"embeddable":true,"href":"https:\/\/www.sudoestehoje.com.br\/novoportal\/wp-json\/wp\/v2\/users\/2"}],"replies":[{"embeddable":true,"href":"https:\/\/www.sudoestehoje.com.br\/novoportal\/wp-json\/wp\/v2\/comments?post=116934"}],"version-history":[{"count":4,"href":"https:\/\/www.sudoestehoje.com.br\/novoportal\/wp-json\/wp\/v2\/posts\/116934\/revisions"}],"predecessor-version":[{"id":116942,"href":"https:\/\/www.sudoestehoje.com.br\/novoportal\/wp-json\/wp\/v2\/posts\/116934\/revisions\/116942"}],"wp:featuredmedia":[{"embeddable":true,"href":"https:\/\/www.sudoestehoje.com.br\/novoportal\/wp-json\/wp\/v2\/media\/116936"}],"wp:attachment":[{"href":"https:\/\/www.sudoestehoje.com.br\/novoportal\/wp-json\/wp\/v2\/media?parent=116934"}],"wp:term":[{"taxonomy":"category","embeddable":true,"href":"https:\/\/www.sudoestehoje.com.br\/novoportal\/wp-json\/wp\/v2\/categories?post=116934"},{"taxonomy":"post_tag","embeddable":true,"href":"https:\/\/www.sudoestehoje.com.br\/novoportal\/wp-json\/wp\/v2\/tags?post=116934"}],"curies":[{"name":"wp","href":"https:\/\/api.w.org\/{rel}","templated":true}]}}