
{"id":116915,"date":"2024-05-13T11:15:24","date_gmt":"2024-05-13T14:15:24","guid":{"rendered":"https:\/\/www.sudoestehoje.com.br\/novoportal\/?p=116915"},"modified":"2024-05-14T10:14:51","modified_gmt":"2024-05-14T13:14:51","slug":"itapetinga-apos-chamar-fazendeiros-de-criminosos-rosemberg-deve-representar-jeronimo-na-exposicao","status":"publish","type":"post","link":"https:\/\/www.sudoestehoje.com.br\/novoportal\/2024\/05\/13\/itapetinga-apos-chamar-fazendeiros-de-criminosos-rosemberg-deve-representar-jeronimo-na-exposicao\/","title":{"rendered":"ITAPETINGA | AP\u00d3S CHAMAR FAZENDEIROS DE &#8216;CRIMINOSOS&#8217;, ROSEMBERG DEVE REPRESENTAR JER\u00d4NIMO NA EXPOSI\u00c7\u00c3O"},"content":{"rendered":"<p><img loading=\"lazy\" decoding=\"async\" class=\"alignnone wp-image-116919\" src=\"https:\/\/www.sudoestehoje.com.br\/novoportal\/wp-content\/uploads\/2024\/05\/WhatsApp-Image-2023-01-12-at-15.48.49.webp\" alt=\"\" width=\"549\" height=\"374\" \/><\/p>\n<p><strong>Com a aus\u00eancia anunciada do governador Jer\u00f4nimo Rodrigues na 52\u00aa Exposi\u00e7\u00e3o Agropecu\u00e1ria de Itapetinga, criou-se uma d\u00favida a respeito de quem representaria o chefe do executivo baiano no tradicional evento, que faz parte da agenda de grandes exposi\u00e7\u00f5es do estado da Bahia.<\/strong><\/p>\n<p><strong>Atrav\u00e9s de coment\u00e1rio em um prestigiado grupo de Whatsapp de Itabuna, um blogueiro de Itapetinga que se auto intitula &#8216;coordenador&#8217; da campanha da pr\u00e9-candidata a prefeita Cida Moura (PSD), esclareceu a d\u00favida ao afirmar que o governador Jer\u00f4nimo Rodrigues ser\u00e1 representado na festa do agro itapetinguense, pelo deputado estadual Rosemberg Pinto (PT), l\u00edder do governo na Assembleia Legislativa.<\/strong><\/p>\n<p><strong>A possibilidade de Rosemberg vir representar Jer\u00f4nimo na Exposi\u00e7\u00e3o de Itapetinga, criou indigna\u00e7\u00e3o e revolta no meio dos pecuaristas, considerando as \u00faltimas declara\u00e7\u00f5es de Rosemberg em uma emissora de r\u00e1dio, classificando os fazendeiros da regi\u00e3o como &#8220;criminosos&#8221;, al\u00e9m de citar nominalmente o presidente do Sindicato Rural de Itapetinga, Eder Rezende, empres\u00e1rio e pecuarista do mais alto n\u00edvel no cen\u00e1rio regional.<\/strong><\/p>\n<p><strong><em>\u201c&#8230;esse \u00c9der Resende e esse tal de &#8230;, esses bandidos t\u00eam que ser presos e punidos\u201d<\/em>, disse o irado deputado, hoje classificado de &#8220;inimigo n\u00ba 1&#8221; dos agropecuaristas baianos<\/strong>.<\/p>\n<p><strong>Se as informa\u00e7\u00f5es do especulador blogueiro tiverem alguma veracidade, vai ser a maior &#8216;saia justa&#8217; da pol\u00edtica regional.<\/strong><\/p>\n<p><strong>Por Davi Ferraz\u00a0<\/strong><\/p>\n<p><img loading=\"lazy\" decoding=\"async\" class=\"alignnone size-medium wp-image-116861\" src=\"https:\/\/www.sudoestehoje.com.br\/novoportal\/wp-content\/uploads\/2024\/05\/Banner-Blog-Expo-Atlanta-Veiculos-728-x-90-Maio-2024-1-600x74.gif\" alt=\"\" width=\"600\" height=\"74\" srcset=\"https:\/\/www.sudoestehoje.com.br\/novoportal\/wp-content\/uploads\/2024\/05\/Banner-Blog-Expo-Atlanta-Veiculos-728-x-90-Maio-2024-1-600x74.gif 600w, https:\/\/www.sudoestehoje.com.br\/novoportal\/wp-content\/uploads\/2024\/05\/Banner-Blog-Expo-Atlanta-Veiculos-728-x-90-Maio-2024-1-700x87.gif 700w\" sizes=\"auto, (max-width: 600px) 100vw, 600px\" \/><\/p>\n","protected":false},"excerpt":{"rendered":"<p>Com a aus\u00eancia anunciada do governador Jer\u00f4nimo Rodrigues na 52\u00aa Exposi\u00e7\u00e3o Agropecu\u00e1ria de Itapetinga, criou-se uma d\u00favida a respeito de quem representaria o chefe do executivo baiano no tradicional evento, que faz parte da agenda de grandes exposi\u00e7\u00f5es do estado da Bahia. Atrav\u00e9s de coment\u00e1rio em um prestigiado grupo de Whatsapp de Itabuna, um blogueiro [&hellip;]<\/p>\n","protected":false},"author":2,"featured_media":116919,"comment_status":"closed","ping_status":"open","sticky":false,"template":"","format":"standard","meta":{"footnotes":"","_links_to":"","_links_to_target":""},"categories":[1],"tags":[],"class_list":["post-116915","post","type-post","status-publish","format-standard","has-post-thumbnail","hentry","category-geral"],"views":1577,"_links":{"self":[{"href":"https:\/\/www.sudoestehoje.com.br\/novoportal\/wp-json\/wp\/v2\/posts\/116915","targetHints":{"allow":["GET"]}}],"collection":[{"href":"https:\/\/www.sudoestehoje.com.br\/novoportal\/wp-json\/wp\/v2\/posts"}],"about":[{"href":"https:\/\/www.sudoestehoje.com.br\/novoportal\/wp-json\/wp\/v2\/types\/post"}],"author":[{"embeddable":true,"href":"https:\/\/www.sudoestehoje.com.br\/novoportal\/wp-json\/wp\/v2\/users\/2"}],"replies":[{"embeddable":true,"href":"https:\/\/www.sudoestehoje.com.br\/novoportal\/wp-json\/wp\/v2\/comments?post=116915"}],"version-history":[{"count":7,"href":"https:\/\/www.sudoestehoje.com.br\/novoportal\/wp-json\/wp\/v2\/posts\/116915\/revisions"}],"predecessor-version":[{"id":116933,"href":"https:\/\/www.sudoestehoje.com.br\/novoportal\/wp-json\/wp\/v2\/posts\/116915\/revisions\/116933"}],"wp:featuredmedia":[{"embeddable":true,"href":"https:\/\/www.sudoestehoje.com.br\/novoportal\/wp-json\/wp\/v2\/media\/116919"}],"wp:attachment":[{"href":"https:\/\/www.sudoestehoje.com.br\/novoportal\/wp-json\/wp\/v2\/media?parent=116915"}],"wp:term":[{"taxonomy":"category","embeddable":true,"href":"https:\/\/www.sudoestehoje.com.br\/novoportal\/wp-json\/wp\/v2\/categories?post=116915"},{"taxonomy":"post_tag","embeddable":true,"href":"https:\/\/www.sudoestehoje.com.br\/novoportal\/wp-json\/wp\/v2\/tags?post=116915"}],"curies":[{"name":"wp","href":"https:\/\/api.w.org\/{rel}","templated":true}]}}