
{"id":116905,"date":"2024-05-12T12:51:55","date_gmt":"2024-05-12T15:51:55","guid":{"rendered":"https:\/\/www.sudoestehoje.com.br\/novoportal\/?p=116905"},"modified":"2024-05-13T10:05:11","modified_gmt":"2024-05-13T13:05:11","slug":"regiao-brega-light-cancela-festa-de-2024-apos-animar-sao-joao-de-ibicui-por-22-anos","status":"publish","type":"post","link":"https:\/\/www.sudoestehoje.com.br\/novoportal\/2024\/05\/12\/regiao-brega-light-cancela-festa-de-2024-apos-animar-sao-joao-de-ibicui-por-22-anos\/","title":{"rendered":"REGI\u00c3O | BREGA LIGHT CANCELA FESTA DE 2024, AP\u00d3S ANIMAR S\u00c3O JO\u00c3O DE IBICU\u00cd POR 22 ANOS"},"content":{"rendered":"<p><img loading=\"lazy\" decoding=\"async\" class=\"alignnone wp-image-116908\" src=\"https:\/\/www.sudoestehoje.com.br\/novoportal\/wp-content\/uploads\/2024\/05\/Bregalight-este-ano-nao-tera-o-uso-dos-abadas-e-uma-atracao-inedita-na-programacao-600x298.jpg\" alt=\"\" width=\"550\" height=\"273\" srcset=\"https:\/\/www.sudoestehoje.com.br\/novoportal\/wp-content\/uploads\/2024\/05\/Bregalight-este-ano-nao-tera-o-uso-dos-abadas-e-uma-atracao-inedita-na-programacao-600x298.jpg 600w, https:\/\/www.sudoestehoje.com.br\/novoportal\/wp-content\/uploads\/2024\/05\/Bregalight-este-ano-nao-tera-o-uso-dos-abadas-e-uma-atracao-inedita-na-programacao-700x347.jpg 700w, https:\/\/www.sudoestehoje.com.br\/novoportal\/wp-content\/uploads\/2024\/05\/Bregalight-este-ano-nao-tera-o-uso-dos-abadas-e-uma-atracao-inedita-na-programacao-768x381.jpg 768w, https:\/\/www.sudoestehoje.com.br\/novoportal\/wp-content\/uploads\/2024\/05\/Bregalight-este-ano-nao-tera-o-uso-dos-abadas-e-uma-atracao-inedita-na-programacao.jpg 1270w\" sizes=\"auto, (max-width: 550px) 100vw, 550px\" \/><\/p>\n<p><strong>Ap\u00f3s 22 anos, o Brega Light, uma das Festas Juninas mais aclamadas do Brasil, realizada em Ibicu\u00ed, no Centro Sul Baiano, sai de cena. <\/strong><\/p>\n<p><strong>Essa not\u00edcia abalou a Comunidade IbicuInense como tamb\u00e9m aos milhares de foli\u00f5es que puderam curtir o S\u00e3o Jo\u00e3o com astros da M\u00fasica Brasileira num espa\u00e7o com diversas op\u00e7\u00f5es na Arena Brega Light. <\/strong><\/p>\n<p><strong>A produ\u00e7\u00e3o expressou que, embora o evento tenha uma bel\u00edssima hist\u00f3ria, superando at\u00e9 mesmo a Pandemia do Coronav\u00edrus, n\u00e3o seria poss\u00edvel garantir a qualidade esperada nesta edi\u00e7\u00e3o. <\/strong><\/p>\n<p><strong>Apesar do triste comunicado, o v\u00eddeo termina com uma nota de esperan\u00e7a: <em>\u201cAt\u00e9 breve e n\u00e3o adeus\u201d. \/\/Blog do Anderson<\/em><\/strong><\/p>\n<p><img loading=\"lazy\" decoding=\"async\" class=\"alignnone size-full wp-image-116858\" src=\"https:\/\/www.sudoestehoje.com.br\/novoportal\/wp-content\/uploads\/2024\/05\/BANNER-550X110-GERAL-2.gif\" alt=\"\" width=\"550\" height=\"110\" \/><\/p>\n","protected":false},"excerpt":{"rendered":"<p>Ap\u00f3s 22 anos, o Brega Light, uma das Festas Juninas mais aclamadas do Brasil, realizada em Ibicu\u00ed, no Centro Sul Baiano, sai de cena. Essa not\u00edcia abalou a Comunidade IbicuInense como tamb\u00e9m aos milhares de foli\u00f5es que puderam curtir o S\u00e3o Jo\u00e3o com astros da M\u00fasica Brasileira num espa\u00e7o com diversas op\u00e7\u00f5es na Arena Brega [&hellip;]<\/p>\n","protected":false},"author":2,"featured_media":116908,"comment_status":"closed","ping_status":"open","sticky":false,"template":"","format":"standard","meta":{"footnotes":"","_links_to":"","_links_to_target":""},"categories":[1],"tags":[],"class_list":["post-116905","post","type-post","status-publish","format-standard","has-post-thumbnail","hentry","category-geral"],"views":3314,"_links":{"self":[{"href":"https:\/\/www.sudoestehoje.com.br\/novoportal\/wp-json\/wp\/v2\/posts\/116905","targetHints":{"allow":["GET"]}}],"collection":[{"href":"https:\/\/www.sudoestehoje.com.br\/novoportal\/wp-json\/wp\/v2\/posts"}],"about":[{"href":"https:\/\/www.sudoestehoje.com.br\/novoportal\/wp-json\/wp\/v2\/types\/post"}],"author":[{"embeddable":true,"href":"https:\/\/www.sudoestehoje.com.br\/novoportal\/wp-json\/wp\/v2\/users\/2"}],"replies":[{"embeddable":true,"href":"https:\/\/www.sudoestehoje.com.br\/novoportal\/wp-json\/wp\/v2\/comments?post=116905"}],"version-history":[{"count":5,"href":"https:\/\/www.sudoestehoje.com.br\/novoportal\/wp-json\/wp\/v2\/posts\/116905\/revisions"}],"predecessor-version":[{"id":116911,"href":"https:\/\/www.sudoestehoje.com.br\/novoportal\/wp-json\/wp\/v2\/posts\/116905\/revisions\/116911"}],"wp:featuredmedia":[{"embeddable":true,"href":"https:\/\/www.sudoestehoje.com.br\/novoportal\/wp-json\/wp\/v2\/media\/116908"}],"wp:attachment":[{"href":"https:\/\/www.sudoestehoje.com.br\/novoportal\/wp-json\/wp\/v2\/media?parent=116905"}],"wp:term":[{"taxonomy":"category","embeddable":true,"href":"https:\/\/www.sudoestehoje.com.br\/novoportal\/wp-json\/wp\/v2\/categories?post=116905"},{"taxonomy":"post_tag","embeddable":true,"href":"https:\/\/www.sudoestehoje.com.br\/novoportal\/wp-json\/wp\/v2\/tags?post=116905"}],"curies":[{"name":"wp","href":"https:\/\/api.w.org\/{rel}","templated":true}]}}