
{"id":116888,"date":"2024-05-11T17:11:02","date_gmt":"2024-05-11T20:11:02","guid":{"rendered":"https:\/\/www.sudoestehoje.com.br\/novoportal\/?p=116888"},"modified":"2024-05-11T17:19:29","modified_gmt":"2024-05-11T20:19:29","slug":"itapetinga-tem-comercio-movimentado-na-vespera-do-dia-das-maes-e-exposicao-2","status":"publish","type":"post","link":"https:\/\/www.sudoestehoje.com.br\/novoportal\/2024\/05\/11\/itapetinga-tem-comercio-movimentado-na-vespera-do-dia-das-maes-e-exposicao-2\/","title":{"rendered":"ITAPETINGA TEM COM\u00c9RCIO MOVIMENTADO NA V\u00c9SPERA DO DIA DAS M\u00c3ES E EXPOSI\u00c7\u00c3O"},"content":{"rendered":"<p><img loading=\"lazy\" decoding=\"async\" class=\"alignnone  wp-image-116881\" src=\"https:\/\/www.sudoestehoje.com.br\/novoportal\/wp-content\/uploads\/2024\/05\/20240511_103148-1-600x338.jpg\" alt=\"\" width=\"550\" height=\"310\" srcset=\"https:\/\/www.sudoestehoje.com.br\/novoportal\/wp-content\/uploads\/2024\/05\/20240511_103148-1-600x338.jpg 600w, https:\/\/www.sudoestehoje.com.br\/novoportal\/wp-content\/uploads\/2024\/05\/20240511_103148-1-700x394.jpg 700w, https:\/\/www.sudoestehoje.com.br\/novoportal\/wp-content\/uploads\/2024\/05\/20240511_103148-1-768x432.jpg 768w, https:\/\/www.sudoestehoje.com.br\/novoportal\/wp-content\/uploads\/2024\/05\/20240511_103148-1-1536x865.jpg 1536w, https:\/\/www.sudoestehoje.com.br\/novoportal\/wp-content\/uploads\/2024\/05\/20240511_103148-1-2048x1153.jpg 2048w\" sizes=\"auto, (max-width: 550px) 100vw, 550px\" \/> <strong>No calend\u00e1rio de datas comemorativas em Itapetinga, o Dia das M\u00e3es \u00e9 a Exposi\u00e7\u00e3o Agropecu\u00e1ria figura entre as que mais movimentam o com\u00e9rcio local, perdendo apenas para o Natal.<\/strong> <strong><!-- \/wp:post-content -->\r\n\r\n<!-- wp:paragraph --><\/strong> <strong>Com a coincid\u00eancia de datas, neste ano de 2024, as vendas no com\u00e9rcio cresceram bastante, animando os lojistas.<\/strong> <strong><!-- \/wp:paragraph -->\r\n\r\n<!-- wp:paragraph --><\/strong> <strong>A expectativa \u00e9\u00a0 de vendas recordes.<\/strong> <strong><!-- \/wp:paragraph -->\r\n\r\n<!-- wp:paragraph --><\/strong> <strong>Por Davi Ferraz<\/strong><\/p>\r\n<p><img loading=\"lazy\" decoding=\"async\" class=\"alignnone size-full wp-image-116799\" src=\"https:\/\/www.sudoestehoje.com.br\/novoportal\/wp-content\/uploads\/2024\/04\/BANNER-550X110-GERAL-2.gif\" alt=\"\" width=\"550\" height=\"110\" \/><\/p>","protected":false},"excerpt":{"rendered":"<p>No calend\u00e1rio de datas comemorativas em Itapetinga, o Dia das M\u00e3es \u00e9 a Exposi\u00e7\u00e3o Agropecu\u00e1ria figura entre as que mais movimentam o com\u00e9rcio local, perdendo apenas para o Natal. Com a coincid\u00eancia de datas, neste ano de 2024, as vendas no com\u00e9rcio cresceram bastante, animando os lojistas. A expectativa \u00e9\u00a0 de vendas recordes. Por Davi [&hellip;]<\/p>\n","protected":false},"author":2,"featured_media":116881,"comment_status":"closed","ping_status":"open","sticky":false,"template":"","format":"standard","meta":{"footnotes":"","_links_to":"","_links_to_target":""},"categories":[1],"tags":[],"class_list":["post-116888","post","type-post","status-publish","format-standard","has-post-thumbnail","hentry","category-geral"],"views":507,"_links":{"self":[{"href":"https:\/\/www.sudoestehoje.com.br\/novoportal\/wp-json\/wp\/v2\/posts\/116888","targetHints":{"allow":["GET"]}}],"collection":[{"href":"https:\/\/www.sudoestehoje.com.br\/novoportal\/wp-json\/wp\/v2\/posts"}],"about":[{"href":"https:\/\/www.sudoestehoje.com.br\/novoportal\/wp-json\/wp\/v2\/types\/post"}],"author":[{"embeddable":true,"href":"https:\/\/www.sudoestehoje.com.br\/novoportal\/wp-json\/wp\/v2\/users\/2"}],"replies":[{"embeddable":true,"href":"https:\/\/www.sudoestehoje.com.br\/novoportal\/wp-json\/wp\/v2\/comments?post=116888"}],"version-history":[{"count":2,"href":"https:\/\/www.sudoestehoje.com.br\/novoportal\/wp-json\/wp\/v2\/posts\/116888\/revisions"}],"predecessor-version":[{"id":116892,"href":"https:\/\/www.sudoestehoje.com.br\/novoportal\/wp-json\/wp\/v2\/posts\/116888\/revisions\/116892"}],"wp:featuredmedia":[{"embeddable":true,"href":"https:\/\/www.sudoestehoje.com.br\/novoportal\/wp-json\/wp\/v2\/media\/116881"}],"wp:attachment":[{"href":"https:\/\/www.sudoestehoje.com.br\/novoportal\/wp-json\/wp\/v2\/media?parent=116888"}],"wp:term":[{"taxonomy":"category","embeddable":true,"href":"https:\/\/www.sudoestehoje.com.br\/novoportal\/wp-json\/wp\/v2\/categories?post=116888"},{"taxonomy":"post_tag","embeddable":true,"href":"https:\/\/www.sudoestehoje.com.br\/novoportal\/wp-json\/wp\/v2\/tags?post=116888"}],"curies":[{"name":"wp","href":"https:\/\/api.w.org\/{rel}","templated":true}]}}