
{"id":116852,"date":"2024-05-10T17:23:32","date_gmt":"2024-05-10T20:23:32","guid":{"rendered":"https:\/\/www.sudoestehoje.com.br\/novoportal\/?p=116852"},"modified":"2024-05-10T17:39:37","modified_gmt":"2024-05-10T20:39:37","slug":"efeito-enchentes-rs-venda-de-arroz-e-limitada-em-supermercados-de-todo-o-brasil","status":"publish","type":"post","link":"https:\/\/www.sudoestehoje.com.br\/novoportal\/2024\/05\/10\/efeito-enchentes-rs-venda-de-arroz-e-limitada-em-supermercados-de-todo-o-brasil\/","title":{"rendered":"EFEITO ENCHENTES RS | VENDA DE ARROZ \u00c9 LIMITADA EM SUPERMERCADOS DE TODO O BRASIL"},"content":{"rendered":"<div class=\"post-interna__content__compartilhamento\">\n<p><img loading=\"lazy\" decoding=\"async\" class=\"alignnone wp-image-116855\" src=\"https:\/\/www.sudoestehoje.com.br\/novoportal\/wp-content\/uploads\/2024\/05\/20200912205923_OYl9F91lGr-600x450.jpg\" alt=\"\" width=\"549\" height=\"412\" srcset=\"https:\/\/www.sudoestehoje.com.br\/novoportal\/wp-content\/uploads\/2024\/05\/20200912205923_OYl9F91lGr-600x450.jpg 600w, https:\/\/www.sudoestehoje.com.br\/novoportal\/wp-content\/uploads\/2024\/05\/20200912205923_OYl9F91lGr-700x525.jpg 700w, https:\/\/www.sudoestehoje.com.br\/novoportal\/wp-content\/uploads\/2024\/05\/20200912205923_OYl9F91lGr-768x576.jpg 768w, https:\/\/www.sudoestehoje.com.br\/novoportal\/wp-content\/uploads\/2024\/05\/20200912205923_OYl9F91lGr.jpg 1024w\" sizes=\"auto, (max-width: 549px) 100vw, 549px\" \/><\/p>\n<\/div>\n<div id=\"content_post\" class=\"post-interna__content__corpo\">\n<p><strong>Usu\u00e1rios das redes sociais come\u00e7aram a publicar fotos de an\u00fancios de supermercados que est\u00e3o limitando a\u00a0compra de arroz em suas unidades.<\/strong><\/p>\n<div id=\"content_post\" class=\"post-interna__content__corpo\">\n<p><strong>Essa restri\u00e7\u00e3o tem como objetivo evitar a falta do produto nas prateleiras, principalmente em meio \u00e0s enchentes que t\u00eam ocorrido no Rio Grande do Sul, estado respons\u00e1vel por 70% da produ\u00e7\u00e3o nacional de arroz.<\/strong><\/p>\n<div id=\"content_post\" class=\"post-interna__content__corpo\">\n<div class=\"ad-wrapper-div\">\n<div id=\"ad_paragraph_1\">\n<div id=\"google_ads_iframe_\/61881175\/oantagonista\/oantagonista_content1_0__container__\"><strong>Uma das redes de supermercados mais populares do estado de Minas Gerais, o Supermercados BH, informou \u00e0 <em><a href=\"https:\/\/www1.folha.uol.com.br\/mercado\/2024\/05\/supermercados-limitam-compra-de-arroz-devido-a-enchentes-no-rs.shtml\" target=\"_blank\" rel=\"noreferrer noopener\">Folha de S. Paulo<\/a><\/em>, que implementou medidas preventivas para garantir um suprimento cont\u00ednuo de arroz. Nas unidades da rede, os clientes est\u00e3o limitados a comprar\u00a0no m\u00e1ximo cinco pacotes de arroz. A rede afirma que n\u00e3o haver\u00e1 falta do produto em suas lojas.<\/strong><\/div>\n<div><img loading=\"lazy\" decoding=\"async\" class=\"alignnone size-full wp-image-116858\" src=\"https:\/\/www.sudoestehoje.com.br\/novoportal\/wp-content\/uploads\/2024\/05\/BANNER-550X110-GERAL-2.gif\" alt=\"\" width=\"550\" height=\"110\" \/><\/div>\n<\/div>\n<\/div>\n<\/div>\n<\/div>\n<\/div>\n","protected":false},"excerpt":{"rendered":"<p>Usu\u00e1rios das redes sociais come\u00e7aram a publicar fotos de an\u00fancios de supermercados que est\u00e3o limitando a\u00a0compra de arroz em suas unidades. Essa restri\u00e7\u00e3o tem como objetivo evitar a falta do produto nas prateleiras, principalmente em meio \u00e0s enchentes que t\u00eam ocorrido no Rio Grande do Sul, estado respons\u00e1vel por 70% da produ\u00e7\u00e3o nacional de arroz. [&hellip;]<\/p>\n","protected":false},"author":2,"featured_media":116855,"comment_status":"closed","ping_status":"open","sticky":false,"template":"","format":"standard","meta":{"footnotes":"","_links_to":"","_links_to_target":""},"categories":[1],"tags":[],"class_list":["post-116852","post","type-post","status-publish","format-standard","has-post-thumbnail","hentry","category-geral"],"views":1539,"_links":{"self":[{"href":"https:\/\/www.sudoestehoje.com.br\/novoportal\/wp-json\/wp\/v2\/posts\/116852","targetHints":{"allow":["GET"]}}],"collection":[{"href":"https:\/\/www.sudoestehoje.com.br\/novoportal\/wp-json\/wp\/v2\/posts"}],"about":[{"href":"https:\/\/www.sudoestehoje.com.br\/novoportal\/wp-json\/wp\/v2\/types\/post"}],"author":[{"embeddable":true,"href":"https:\/\/www.sudoestehoje.com.br\/novoportal\/wp-json\/wp\/v2\/users\/2"}],"replies":[{"embeddable":true,"href":"https:\/\/www.sudoestehoje.com.br\/novoportal\/wp-json\/wp\/v2\/comments?post=116852"}],"version-history":[{"count":5,"href":"https:\/\/www.sudoestehoje.com.br\/novoportal\/wp-json\/wp\/v2\/posts\/116852\/revisions"}],"predecessor-version":[{"id":116859,"href":"https:\/\/www.sudoestehoje.com.br\/novoportal\/wp-json\/wp\/v2\/posts\/116852\/revisions\/116859"}],"wp:featuredmedia":[{"embeddable":true,"href":"https:\/\/www.sudoestehoje.com.br\/novoportal\/wp-json\/wp\/v2\/media\/116855"}],"wp:attachment":[{"href":"https:\/\/www.sudoestehoje.com.br\/novoportal\/wp-json\/wp\/v2\/media?parent=116852"}],"wp:term":[{"taxonomy":"category","embeddable":true,"href":"https:\/\/www.sudoestehoje.com.br\/novoportal\/wp-json\/wp\/v2\/categories?post=116852"},{"taxonomy":"post_tag","embeddable":true,"href":"https:\/\/www.sudoestehoje.com.br\/novoportal\/wp-json\/wp\/v2\/tags?post=116852"}],"curies":[{"name":"wp","href":"https:\/\/api.w.org\/{rel}","templated":true}]}}