
{"id":116841,"date":"2024-05-10T10:13:56","date_gmt":"2024-05-10T13:13:56","guid":{"rendered":"https:\/\/www.sudoestehoje.com.br\/novoportal\/?p=116841"},"modified":"2024-05-11T17:22:05","modified_gmt":"2024-05-11T20:22:05","slug":"conquista-troca-de-ingressos-para-o-fib-2024-comeca-nesta-sexta-feira-10","status":"publish","type":"post","link":"https:\/\/www.sudoestehoje.com.br\/novoportal\/2024\/05\/10\/conquista-troca-de-ingressos-para-o-fib-2024-comeca-nesta-sexta-feira-10\/","title":{"rendered":"CONQUISTA | TROCA DE INGRESSOS PARA O FIB 2024 COME\u00c7A NESTA SEXTA-FEIRA (10)"},"content":{"rendered":"<div><img loading=\"lazy\" decoding=\"async\" class=\"alignnone wp-image-116842\" src=\"https:\/\/www.sudoestehoje.com.br\/novoportal\/wp-content\/uploads\/2024\/05\/unnamed-2-600x401.jpg\" alt=\"\" width=\"550\" height=\"367\" srcset=\"https:\/\/www.sudoestehoje.com.br\/novoportal\/wp-content\/uploads\/2024\/05\/unnamed-2-600x401.jpg 600w, https:\/\/www.sudoestehoje.com.br\/novoportal\/wp-content\/uploads\/2024\/05\/unnamed-2-700x467.jpg 700w, https:\/\/www.sudoestehoje.com.br\/novoportal\/wp-content\/uploads\/2024\/05\/unnamed-2-768x513.jpg 768w, https:\/\/www.sudoestehoje.com.br\/novoportal\/wp-content\/uploads\/2024\/05\/unnamed-2-1536x1025.jpg 1536w, https:\/\/www.sudoestehoje.com.br\/novoportal\/wp-content\/uploads\/2024\/05\/unnamed-2.jpg 1600w\" sizes=\"auto, (max-width: 550px) 100vw, 550px\" \/><\/div>\n<div><strong><span style=\"font-family: arial, sans-serif;\">Pelo terceiro ano consecutivo, o an\u00fancio completo da grade do Festival de Inverno Bahia ser\u00e1 feito no Esquenta FIB, um evento que, al\u00e9m de entreter, tamb\u00e9m apoia as fam\u00edlias em situa\u00e7\u00e3o de vulnerabilidade social da cidade. Nesta edi\u00e7\u00e3o, em decorr\u00eancia da situa\u00e7\u00e3o de calamidade p\u00fablica enfrentada no Estado do Rio Grande do Sul, parte das arrecada\u00e7\u00f5es ser\u00e1 destinada \u00e0s v\u00edtimas das enchentes.\u00a0<\/span><\/strong><\/div>\n<div><strong><span style=\"font-family: arial, sans-serif;\">\u00a0<\/span><\/strong><\/div>\n<div><strong><span style=\"font-family: arial, sans-serif;\">O Esquenta FIB acontece no dia 25 de maio, a partir das 20h, na \u00e1rea de eventos do Parque Teopompo de Almeida. O acesso ao evento ser\u00e1 mediante a troca de ingressos por 02kg de alimentos n\u00e3o perec\u00edveis, que poder\u00e1 ser feita a partir desta sexta (10). O head da Bahia Eventos, Bruno Portela, est\u00e1 confiante em dobrar o n\u00famero de toneladas de alimentos arrecadados neste ano e, consequentemente, poder ajudar mais pessoas. Em 2023, cerca de 14 toneladas de alimentos n\u00e3o perec\u00edveis foram arrecadados. \u201cNosso empenho sempre \u00e9 em dobrar a meta para que sigamos ajudando mais pessoas. Nosso olhar \u00e9 para a cidade como um todo e isso \u00e9 o que faz sentido no nosso neg\u00f3cio&#8221;, conta.\u00a0<\/span><\/strong><\/div>\n<div><strong><span style=\"font-family: arial, sans-serif;\">\u00a0<\/span><\/strong><\/div>\n<div><strong><span style=\"font-family: arial, sans-serif;\">Mantendo a premissa de valorizar os artistas locais e da regi\u00e3o, Robertinha, Bet\u00e3o e Rony Barbosa s\u00e3o tr\u00eas das atra\u00e7\u00f5es do Esquenta. Al\u00e9m deles, Lincoln Senna e Samba Mais tamb\u00e9m v\u00e3o completar a grade do evento. A troca dos ingressos ser\u00e1 feita em hor\u00e1rio comercial, nos seguintes pontos:\u00a0<\/span><\/strong><\/div>\n<div><strong><span style=\"font-family: arial, sans-serif;\">Loja Taco <\/span>(Av. Ol\u00edvia Flores, 686)<\/strong><\/div>\n<div>\n<p><strong><span style=\"font-family: arial, sans-serif;\">FASA &#8211; Shopping Boulevard<\/span><\/strong><\/p>\n<p><strong><span style=\"font-family: arial, sans-serif;\">\u2060Banca Central\u00a0<\/span>(Pra\u00e7a Bar\u00e3o do Rio Branco)<\/strong><\/p>\n<\/div>\n<div><strong><span style=\"font-family: arial, sans-serif;\">A classifica\u00e7\u00e3o et\u00e1ria para o evento \u2018Esquenta FIB\u2019 \u00e9 de 16 anos. Al\u00e9m disso, a grade do evento est\u00e1 sujeita a altera\u00e7\u00f5es sem aviso pr\u00e9vio.\u00a0<\/span><\/strong><\/div>\n<div><strong><span style=\"font-family: arial, sans-serif;\">\u00a0<\/span><\/strong><\/div>\n<div><strong><span style=\"font-family: arial, sans-serif;\">A produ\u00e7\u00e3o do Festival de Inverno Bahia \u00e9 assinada pela Bahia Eventos, empresa de entretenimento da Rede Bahia, em parceria com a TV Sudoeste.<\/span><\/strong><\/div>\n<div><img loading=\"lazy\" decoding=\"async\" class=\"alignnone size-full wp-image-116799\" src=\"https:\/\/www.sudoestehoje.com.br\/novoportal\/wp-content\/uploads\/2024\/04\/BANNER-550X110-GERAL-2.gif\" alt=\"\" width=\"550\" height=\"110\" \/><\/div>\n","protected":false},"excerpt":{"rendered":"<p>Pelo terceiro ano consecutivo, o an\u00fancio completo da grade do Festival de Inverno Bahia ser\u00e1 feito no Esquenta FIB, um evento que, al\u00e9m de entreter, tamb\u00e9m apoia as fam\u00edlias em situa\u00e7\u00e3o de vulnerabilidade social da cidade. Nesta edi\u00e7\u00e3o, em decorr\u00eancia da situa\u00e7\u00e3o de calamidade p\u00fablica enfrentada no Estado do Rio Grande do Sul, parte das [&hellip;]<\/p>\n","protected":false},"author":2,"featured_media":116842,"comment_status":"closed","ping_status":"open","sticky":false,"template":"","format":"standard","meta":{"footnotes":"","_links_to":"","_links_to_target":""},"categories":[1],"tags":[],"class_list":["post-116841","post","type-post","status-publish","format-standard","has-post-thumbnail","hentry","category-geral"],"views":445,"_links":{"self":[{"href":"https:\/\/www.sudoestehoje.com.br\/novoportal\/wp-json\/wp\/v2\/posts\/116841","targetHints":{"allow":["GET"]}}],"collection":[{"href":"https:\/\/www.sudoestehoje.com.br\/novoportal\/wp-json\/wp\/v2\/posts"}],"about":[{"href":"https:\/\/www.sudoestehoje.com.br\/novoportal\/wp-json\/wp\/v2\/types\/post"}],"author":[{"embeddable":true,"href":"https:\/\/www.sudoestehoje.com.br\/novoportal\/wp-json\/wp\/v2\/users\/2"}],"replies":[{"embeddable":true,"href":"https:\/\/www.sudoestehoje.com.br\/novoportal\/wp-json\/wp\/v2\/comments?post=116841"}],"version-history":[{"count":3,"href":"https:\/\/www.sudoestehoje.com.br\/novoportal\/wp-json\/wp\/v2\/posts\/116841\/revisions"}],"predecessor-version":[{"id":116894,"href":"https:\/\/www.sudoestehoje.com.br\/novoportal\/wp-json\/wp\/v2\/posts\/116841\/revisions\/116894"}],"wp:featuredmedia":[{"embeddable":true,"href":"https:\/\/www.sudoestehoje.com.br\/novoportal\/wp-json\/wp\/v2\/media\/116842"}],"wp:attachment":[{"href":"https:\/\/www.sudoestehoje.com.br\/novoportal\/wp-json\/wp\/v2\/media?parent=116841"}],"wp:term":[{"taxonomy":"category","embeddable":true,"href":"https:\/\/www.sudoestehoje.com.br\/novoportal\/wp-json\/wp\/v2\/categories?post=116841"},{"taxonomy":"post_tag","embeddable":true,"href":"https:\/\/www.sudoestehoje.com.br\/novoportal\/wp-json\/wp\/v2\/tags?post=116841"}],"curies":[{"name":"wp","href":"https:\/\/api.w.org\/{rel}","templated":true}]}}