
{"id":116834,"date":"2024-05-10T09:17:42","date_gmt":"2024-05-10T12:17:42","guid":{"rendered":"https:\/\/www.sudoestehoje.com.br\/novoportal\/?p=116834"},"modified":"2024-05-10T09:17:42","modified_gmt":"2024-05-10T12:17:42","slug":"desembargadora-assume-governo-da-bahia-por-10-dias-a-partir-de-sabado","status":"publish","type":"post","link":"https:\/\/www.sudoestehoje.com.br\/novoportal\/2024\/05\/10\/desembargadora-assume-governo-da-bahia-por-10-dias-a-partir-de-sabado\/","title":{"rendered":"DESEMBARGADORA ASSUME GOVERNO DA BAHIA POR 10 DIAS A PARTIR DE S\u00c1BADO"},"content":{"rendered":"<p><img loading=\"lazy\" decoding=\"async\" class=\"alignnone  wp-image-116836\" src=\"https:\/\/www.sudoestehoje.com.br\/novoportal\/wp-content\/uploads\/2024\/05\/IMAGEM_NOTICIA_9-1-600x315.webp\" alt=\"\" width=\"549\" height=\"288\" srcset=\"https:\/\/www.sudoestehoje.com.br\/novoportal\/wp-content\/uploads\/2024\/05\/IMAGEM_NOTICIA_9-1-600x315.webp 600w, https:\/\/www.sudoestehoje.com.br\/novoportal\/wp-content\/uploads\/2024\/05\/IMAGEM_NOTICIA_9-1-700x368.webp 700w, https:\/\/www.sudoestehoje.com.br\/novoportal\/wp-content\/uploads\/2024\/05\/IMAGEM_NOTICIA_9-1-768x403.webp 768w, https:\/\/www.sudoestehoje.com.br\/novoportal\/wp-content\/uploads\/2024\/05\/IMAGEM_NOTICIA_9-1.webp 1200w\" sizes=\"auto, (max-width: 549px) 100vw, 549px\" \/><\/p>\n<p style=\"font-weight: 400;\"><strong>A Presidente do Tribunal de Justi\u00e7a da Bahia (TJ-BA), desembargadora Cynthia Maria Pina Resende, assume, interinamente, o cargo de Governadora do Estado da Bahia a partir deste s\u00e1bado (11). Um ato no Centro de Opera\u00e7\u00f5es e Intelig\u00eancia da Secretaria de Seguran\u00e7a P\u00fablica, no Centro Administrativo da Bahia (CAB), \u00e0s 9h, marca a posse.?<\/strong><\/p>\n<p style=\"font-weight: 400;\"><strong>Como chefe do Poder Judici\u00e1rio,\u00a0<a href=\"https:\/\/www.bahianoticias.com.br\/justica\/noticia\/69694-viagem-de-jeronimo-e-impedimento-de-geraldo-jr-e-adolfo-colocam-presidente-do-tj-ba-como-governadora\">a desembargadora est\u00e1 na linha sucess\u00f3ria para o Executivo baiano<\/a>. Em virtude da aus\u00eancia do governador Jer\u00f4nimo Rodrigues, que estar\u00e1 em viagem institucional na Europa durante 10 dias, o vice-governador Geraldo Jr. (MDB) \u00e9 o substituto imediato. No entanto, ele renunciou \u00e0 possibilidade por estar mirando as elei\u00e7\u00f5es municipais de outubro, j\u00e1 que o vice-governador \u00e9 pr\u00e9-candidato \u00e0 Prefeitura de Salvador.\u00a0<\/strong><\/p>\n<p style=\"font-weight: 400;\"><strong>O pr\u00f3ximo na linha sucess\u00f3ria \u00e9 o presidente da Assembleia Legislativa da Bahia (AL-BA), Adolfo Menezes (PSD), que optou por n\u00e3o assumir o cargo por motivo semelhante, j\u00e1 que a esposa dele, Denise Menezes, concorrer\u00e1 \u00e0 Prefeitura de Campo Formoso, no norte do Estado. A Constitui\u00e7\u00e3o Federal, no artigo 14, par\u00e1grafo 7\u00ba, declara ineleg\u00edvel o c\u00f4njuge de governador ou de quem o haja substitu\u00eddo dentro dos seis meses anteriores ao pleito.<\/strong><\/p>\n<p style=\"font-weight: 400;\"><strong>\u201cEu recebi essa not\u00edcia com muita surpresa, primeiro; segundo, com muita responsabilidade; e terceiro, com muita honra. A responsabilidade \u00e9 muito grande de estar exercendo uma fun\u00e7\u00e3o no Executivo, ainda que interinamente. \u00c9 uma honra porque \u00e9 o Poder Judici\u00e1rio que estar\u00e1 ali representado na minha pessoa. Como mulher, eu acho que \u00e9 um est\u00edmulo, para que todas possam enxergar que podem chegar a um lugar de destaque na sociedade. Eu n\u00e3o vim de fam\u00edlia rica, nem vim de uma fam\u00edlia de advogados tradicionais. Eu abri o meu caminho com muito estudo, atrav\u00e9s dos concursos p\u00fablicos, sempre trabalhando. A mensagem que eu posso passar, e agora ainda mais no cargo de Governadora, \u00e9 que todas as mulheres podem, tamb\u00e9m, tra\u00e7ar esse mesmo caminho. Tem que ter for\u00e7a de vontade, empenho, mas a gente pode chegar l\u00e1, sim\u201d, afirmou Cynthia Resende.<\/strong><\/p>\n","protected":false},"excerpt":{"rendered":"<p>A Presidente do Tribunal de Justi\u00e7a da Bahia (TJ-BA), desembargadora Cynthia Maria Pina Resende, assume, interinamente, o cargo de Governadora do Estado da Bahia a partir deste s\u00e1bado (11). Um ato no Centro de Opera\u00e7\u00f5es e Intelig\u00eancia da Secretaria de Seguran\u00e7a P\u00fablica, no Centro Administrativo da Bahia (CAB), \u00e0s 9h, marca a posse.? Como chefe [&hellip;]<\/p>\n","protected":false},"author":2,"featured_media":116836,"comment_status":"closed","ping_status":"open","sticky":false,"template":"","format":"standard","meta":{"footnotes":"","_links_to":"","_links_to_target":""},"categories":[1],"tags":[],"class_list":["post-116834","post","type-post","status-publish","format-standard","has-post-thumbnail","hentry","category-geral"],"views":540,"_links":{"self":[{"href":"https:\/\/www.sudoestehoje.com.br\/novoportal\/wp-json\/wp\/v2\/posts\/116834","targetHints":{"allow":["GET"]}}],"collection":[{"href":"https:\/\/www.sudoestehoje.com.br\/novoportal\/wp-json\/wp\/v2\/posts"}],"about":[{"href":"https:\/\/www.sudoestehoje.com.br\/novoportal\/wp-json\/wp\/v2\/types\/post"}],"author":[{"embeddable":true,"href":"https:\/\/www.sudoestehoje.com.br\/novoportal\/wp-json\/wp\/v2\/users\/2"}],"replies":[{"embeddable":true,"href":"https:\/\/www.sudoestehoje.com.br\/novoportal\/wp-json\/wp\/v2\/comments?post=116834"}],"version-history":[{"count":2,"href":"https:\/\/www.sudoestehoje.com.br\/novoportal\/wp-json\/wp\/v2\/posts\/116834\/revisions"}],"predecessor-version":[{"id":116837,"href":"https:\/\/www.sudoestehoje.com.br\/novoportal\/wp-json\/wp\/v2\/posts\/116834\/revisions\/116837"}],"wp:featuredmedia":[{"embeddable":true,"href":"https:\/\/www.sudoestehoje.com.br\/novoportal\/wp-json\/wp\/v2\/media\/116836"}],"wp:attachment":[{"href":"https:\/\/www.sudoestehoje.com.br\/novoportal\/wp-json\/wp\/v2\/media?parent=116834"}],"wp:term":[{"taxonomy":"category","embeddable":true,"href":"https:\/\/www.sudoestehoje.com.br\/novoportal\/wp-json\/wp\/v2\/categories?post=116834"},{"taxonomy":"post_tag","embeddable":true,"href":"https:\/\/www.sudoestehoje.com.br\/novoportal\/wp-json\/wp\/v2\/tags?post=116834"}],"curies":[{"name":"wp","href":"https:\/\/api.w.org\/{rel}","templated":true}]}}