
{"id":116801,"date":"2024-05-07T23:29:43","date_gmt":"2024-05-08T02:29:43","guid":{"rendered":"https:\/\/www.sudoestehoje.com.br\/novoportal\/?p=116801"},"modified":"2024-05-07T23:29:43","modified_gmt":"2024-05-08T02:29:43","slug":"al-ba-aprova-pagamento-dos-precatorios-do-fundef-aos-professores","status":"publish","type":"post","link":"https:\/\/www.sudoestehoje.com.br\/novoportal\/2024\/05\/07\/al-ba-aprova-pagamento-dos-precatorios-do-fundef-aos-professores\/","title":{"rendered":"AL-BA APROVA PAGAMENTO DOS PRECAT\u00d3RIOS DO FUNDEF AOS PROFESSORES"},"content":{"rendered":"<p><img loading=\"lazy\" decoding=\"async\" class=\"alignnone  wp-image-116802\" src=\"https:\/\/www.sudoestehoje.com.br\/novoportal\/wp-content\/uploads\/2024\/05\/IMAGEM_NOTICIA_9-600x315.webp\" alt=\"\" width=\"552\" height=\"290\" srcset=\"https:\/\/www.sudoestehoje.com.br\/novoportal\/wp-content\/uploads\/2024\/05\/IMAGEM_NOTICIA_9-600x315.webp 600w, https:\/\/www.sudoestehoje.com.br\/novoportal\/wp-content\/uploads\/2024\/05\/IMAGEM_NOTICIA_9-700x368.webp 700w, https:\/\/www.sudoestehoje.com.br\/novoportal\/wp-content\/uploads\/2024\/05\/IMAGEM_NOTICIA_9-768x403.webp 768w, https:\/\/www.sudoestehoje.com.br\/novoportal\/wp-content\/uploads\/2024\/05\/IMAGEM_NOTICIA_9.webp 1200w\" sizes=\"auto, (max-width: 552px) 100vw, 552px\" \/><\/p>\n<p style=\"font-weight: 400;\"><strong>Foram aprovados pela Assembleia Legislativa da Bahia (AL-BA) j\u00e1 no fim da tarde desta ter\u00e7a-feira (7), os dois Projetos de Lei com o objetivo de disciplinar a distribui\u00e7\u00e3o dos cerca de R$1,5 bilh\u00e3o\u00a0da 3\u00aa parcela dos precat\u00f3rios judiciais\u00a0pagos ao Estado pela Uni\u00e3o, como forma de complemento \u00e0s verbas do Fundef n\u00e3o repassadas\u00a0entre 1998 e 2006.\u00a0<\/strong><\/p>\n<p style=\"font-weight: 400;\"><strong>O envio dos projetos foi feito na \u00faltima quinta-feira (2). <\/strong><\/p>\n<p style=\"font-weight: 400;\"><strong>Um deles garante o destino de mais de R$ 900 milh\u00f5es \u2013 ou seja, 60% do montante ressarcido ao Estado este ano \u2013 para pagamento de todos os professores e coordenadores pedag\u00f3gicos que atuaram na educa\u00e7\u00e3o b\u00e1sica de janeiro de 1998 a dezembro de 2006.<\/strong><\/p>\n","protected":false},"excerpt":{"rendered":"<p>Foram aprovados pela Assembleia Legislativa da Bahia (AL-BA) j\u00e1 no fim da tarde desta ter\u00e7a-feira (7), os dois Projetos de Lei com o objetivo de disciplinar a distribui\u00e7\u00e3o dos cerca de R$1,5 bilh\u00e3o\u00a0da 3\u00aa parcela dos precat\u00f3rios judiciais\u00a0pagos ao Estado pela Uni\u00e3o, como forma de complemento \u00e0s verbas do Fundef n\u00e3o repassadas\u00a0entre 1998 e 2006.\u00a0 [&hellip;]<\/p>\n","protected":false},"author":2,"featured_media":116802,"comment_status":"closed","ping_status":"open","sticky":false,"template":"","format":"standard","meta":{"footnotes":"","_links_to":"","_links_to_target":""},"categories":[1],"tags":[],"class_list":["post-116801","post","type-post","status-publish","format-standard","has-post-thumbnail","hentry","category-geral"],"views":581,"_links":{"self":[{"href":"https:\/\/www.sudoestehoje.com.br\/novoportal\/wp-json\/wp\/v2\/posts\/116801","targetHints":{"allow":["GET"]}}],"collection":[{"href":"https:\/\/www.sudoestehoje.com.br\/novoportal\/wp-json\/wp\/v2\/posts"}],"about":[{"href":"https:\/\/www.sudoestehoje.com.br\/novoportal\/wp-json\/wp\/v2\/types\/post"}],"author":[{"embeddable":true,"href":"https:\/\/www.sudoestehoje.com.br\/novoportal\/wp-json\/wp\/v2\/users\/2"}],"replies":[{"embeddable":true,"href":"https:\/\/www.sudoestehoje.com.br\/novoportal\/wp-json\/wp\/v2\/comments?post=116801"}],"version-history":[{"count":2,"href":"https:\/\/www.sudoestehoje.com.br\/novoportal\/wp-json\/wp\/v2\/posts\/116801\/revisions"}],"predecessor-version":[{"id":116804,"href":"https:\/\/www.sudoestehoje.com.br\/novoportal\/wp-json\/wp\/v2\/posts\/116801\/revisions\/116804"}],"wp:featuredmedia":[{"embeddable":true,"href":"https:\/\/www.sudoestehoje.com.br\/novoportal\/wp-json\/wp\/v2\/media\/116802"}],"wp:attachment":[{"href":"https:\/\/www.sudoestehoje.com.br\/novoportal\/wp-json\/wp\/v2\/media?parent=116801"}],"wp:term":[{"taxonomy":"category","embeddable":true,"href":"https:\/\/www.sudoestehoje.com.br\/novoportal\/wp-json\/wp\/v2\/categories?post=116801"},{"taxonomy":"post_tag","embeddable":true,"href":"https:\/\/www.sudoestehoje.com.br\/novoportal\/wp-json\/wp\/v2\/tags?post=116801"}],"curies":[{"name":"wp","href":"https:\/\/api.w.org\/{rel}","templated":true}]}}