
{"id":116770,"date":"2024-05-06T17:49:57","date_gmt":"2024-05-06T20:49:57","guid":{"rendered":"https:\/\/www.sudoestehoje.com.br\/novoportal\/?p=116770"},"modified":"2024-05-06T17:49:57","modified_gmt":"2024-05-06T20:49:57","slug":"caatiba-prefeita-tania-ribeiro-recebe-nova-ambulancia-em-parceria-com-o-governo-do-estado","status":"publish","type":"post","link":"https:\/\/www.sudoestehoje.com.br\/novoportal\/2024\/05\/06\/caatiba-prefeita-tania-ribeiro-recebe-nova-ambulancia-em-parceria-com-o-governo-do-estado\/","title":{"rendered":"CAATIBA | PREFEITA T\u00c2NIA RIBEIRO RECEBE NOVA AMBUL\u00c2NCIA EM PARCERIA COM O GOVERNO DO ESTADO"},"content":{"rendered":"<p><img loading=\"lazy\" decoding=\"async\" class=\"alignnone  wp-image-116772\" src=\"https:\/\/www.sudoestehoje.com.br\/novoportal\/wp-content\/uploads\/2024\/05\/441445159_1601030583772636_8512730313757312979_n-600x465.jpg\" alt=\"\" width=\"550\" height=\"426\" srcset=\"https:\/\/www.sudoestehoje.com.br\/novoportal\/wp-content\/uploads\/2024\/05\/441445159_1601030583772636_8512730313757312979_n-600x465.jpg 600w, https:\/\/www.sudoestehoje.com.br\/novoportal\/wp-content\/uploads\/2024\/05\/441445159_1601030583772636_8512730313757312979_n-700x542.jpg 700w, https:\/\/www.sudoestehoje.com.br\/novoportal\/wp-content\/uploads\/2024\/05\/441445159_1601030583772636_8512730313757312979_n-768x595.jpg 768w, https:\/\/www.sudoestehoje.com.br\/novoportal\/wp-content\/uploads\/2024\/05\/441445159_1601030583772636_8512730313757312979_n.jpg 1030w\" sizes=\"auto, (max-width: 550px) 100vw, 550px\" \/><\/p>\n<p><strong>Na manh\u00e3 desta segunda-feira, dia 5 de maio, a prefeita T\u00e2nia Ribeiro, dirigiu-se a Salvador para um evento de suma import\u00e2ncia para a comunidade local. A gestora municipal foi recebida pelo governador da Bahia, Jer\u00f4nimo Rodrigues, para receber uma ambul\u00e2ncia 0Km destinada ao munic\u00edpio, um recurso essencial para fortalecer os servi\u00e7os de sa\u00fade da regi\u00e3o.<\/strong><\/p>\n<p><strong>O ve\u00edculo, concedido pelo governo estadual, \u00e9 um marco significativo para Caatiba, proporcionando melhorias substanciais na infraestrutura de atendimento m\u00e9dico e emergencial. A chegada da ambul\u00e2ncia n\u00e3o apenas representa um investimento tang\u00edvel na sa\u00fade da popula\u00e7\u00e3o, mas tamb\u00e9m ressalta o compromisso do governo em garantir assist\u00eancia de qualidade a todas as comunidades.<\/strong><\/p>\n<p><strong>Essa conquista foi poss\u00edvel gra\u00e7as \u00e0 atua\u00e7\u00e3o do deputado estadual Adolfo Menezes, que intermediou a disponibiliza\u00e7\u00e3o do recurso em prol de Caatiba. A prefeita T\u00e2nia Ribeiro, destacou n\u00e3o apenas a import\u00e2ncia da parceria com o governo estadual, mas tamb\u00e9m a dedica\u00e7\u00e3o e o empenho do deputado Adolfo em viabilizar essa importante conquista para o munic\u00edpio.<\/strong><\/p>\n<p><img loading=\"lazy\" decoding=\"async\" class=\"alignnone  wp-image-116774\" src=\"https:\/\/www.sudoestehoje.com.br\/novoportal\/wp-content\/uploads\/2024\/05\/441448592_1601030717105956_7869965540472510991_n-600x635.jpg\" alt=\"\" width=\"549\" height=\"581\" srcset=\"https:\/\/www.sudoestehoje.com.br\/novoportal\/wp-content\/uploads\/2024\/05\/441448592_1601030717105956_7869965540472510991_n-600x635.jpg 600w, https:\/\/www.sudoestehoje.com.br\/novoportal\/wp-content\/uploads\/2024\/05\/441448592_1601030717105956_7869965540472510991_n-700x741.jpg 700w, https:\/\/www.sudoestehoje.com.br\/novoportal\/wp-content\/uploads\/2024\/05\/441448592_1601030717105956_7869965540472510991_n-768x813.jpg 768w, https:\/\/www.sudoestehoje.com.br\/novoportal\/wp-content\/uploads\/2024\/05\/441448592_1601030717105956_7869965540472510991_n.jpg 1152w\" sizes=\"auto, (max-width: 549px) 100vw, 549px\" \/><\/p>\n<p><strong>Esse investimento \u00e9 fundamental para garantir o bem-estar e a seguran\u00e7a da popula\u00e7\u00e3o, demonstrando o comprometimento das autoridades em promover o acesso universal \u00e0 sa\u00fade.<\/strong><\/p>\n<p><strong>A prefeita T\u00e2nia reiterou seu agradecimento ao governador Jer\u00f4nimo Rodrigues e ao deputado Adolfo Menezes, enfatizando a import\u00e2ncia da uni\u00e3o de esfor\u00e7os entre o governo estadual, o legislativo e as administra\u00e7\u00f5es municipais para promover o desenvolvimento e o bem-estar da popula\u00e7\u00e3o baiana. Com a chegada da nova ambul\u00e2ncia, Caatiba d\u00e1 um passo importante rumo \u00e0 melhoria cont\u00ednua dos servi\u00e7os de sa\u00fade, garantindo um atendimento de qualidade a todos os seus cidad\u00e3os. \/\/ Ascom Caaiba<\/strong><\/p>\n","protected":false},"excerpt":{"rendered":"<p>Na manh\u00e3 desta segunda-feira, dia 5 de maio, a prefeita T\u00e2nia Ribeiro, dirigiu-se a Salvador para um evento de suma import\u00e2ncia para a comunidade local. A gestora municipal foi recebida pelo governador da Bahia, Jer\u00f4nimo Rodrigues, para receber uma ambul\u00e2ncia 0Km destinada ao munic\u00edpio, um recurso essencial para fortalecer os servi\u00e7os de sa\u00fade da regi\u00e3o. [&hellip;]<\/p>\n","protected":false},"author":2,"featured_media":116774,"comment_status":"closed","ping_status":"open","sticky":false,"template":"","format":"standard","meta":{"footnotes":"","_links_to":"","_links_to_target":""},"categories":[1],"tags":[],"class_list":["post-116770","post","type-post","status-publish","format-standard","has-post-thumbnail","hentry","category-geral"],"views":530,"_links":{"self":[{"href":"https:\/\/www.sudoestehoje.com.br\/novoportal\/wp-json\/wp\/v2\/posts\/116770","targetHints":{"allow":["GET"]}}],"collection":[{"href":"https:\/\/www.sudoestehoje.com.br\/novoportal\/wp-json\/wp\/v2\/posts"}],"about":[{"href":"https:\/\/www.sudoestehoje.com.br\/novoportal\/wp-json\/wp\/v2\/types\/post"}],"author":[{"embeddable":true,"href":"https:\/\/www.sudoestehoje.com.br\/novoportal\/wp-json\/wp\/v2\/users\/2"}],"replies":[{"embeddable":true,"href":"https:\/\/www.sudoestehoje.com.br\/novoportal\/wp-json\/wp\/v2\/comments?post=116770"}],"version-history":[{"count":3,"href":"https:\/\/www.sudoestehoje.com.br\/novoportal\/wp-json\/wp\/v2\/posts\/116770\/revisions"}],"predecessor-version":[{"id":116775,"href":"https:\/\/www.sudoestehoje.com.br\/novoportal\/wp-json\/wp\/v2\/posts\/116770\/revisions\/116775"}],"wp:featuredmedia":[{"embeddable":true,"href":"https:\/\/www.sudoestehoje.com.br\/novoportal\/wp-json\/wp\/v2\/media\/116774"}],"wp:attachment":[{"href":"https:\/\/www.sudoestehoje.com.br\/novoportal\/wp-json\/wp\/v2\/media?parent=116770"}],"wp:term":[{"taxonomy":"category","embeddable":true,"href":"https:\/\/www.sudoestehoje.com.br\/novoportal\/wp-json\/wp\/v2\/categories?post=116770"},{"taxonomy":"post_tag","embeddable":true,"href":"https:\/\/www.sudoestehoje.com.br\/novoportal\/wp-json\/wp\/v2\/tags?post=116770"}],"curies":[{"name":"wp","href":"https:\/\/api.w.org\/{rel}","templated":true}]}}