
{"id":116668,"date":"2024-05-02T22:21:06","date_gmt":"2024-05-03T01:21:06","guid":{"rendered":"https:\/\/www.sudoestehoje.com.br\/novoportal\/?p=116668"},"modified":"2024-05-02T22:21:06","modified_gmt":"2024-05-03T01:21:06","slug":"itapetinga-a-tradicao-esquecida-das-casas-pintadas-durante-as-exposicoes","status":"publish","type":"post","link":"https:\/\/www.sudoestehoje.com.br\/novoportal\/2024\/05\/02\/itapetinga-a-tradicao-esquecida-das-casas-pintadas-durante-as-exposicoes\/","title":{"rendered":"ITAPETINGA | A TRADI\u00c7\u00c3O ESQUECIDA DAS CASAS PINTADAS DURANTE AS EXPOSI\u00c7\u00d5ES"},"content":{"rendered":"<div id=\"attachment_116670\" style=\"width: 560px\" class=\"wp-caption alignnone\"><img loading=\"lazy\" decoding=\"async\" aria-describedby=\"caption-attachment-116670\" class=\" wp-image-116670\" src=\"https:\/\/www.sudoestehoje.com.br\/novoportal\/wp-content\/uploads\/2024\/05\/ef504b4530814bfc7541693c5923d377.jpg\" alt=\"\" width=\"550\" height=\"500\" \/><p id=\"caption-attachment-116670\" class=\"wp-caption-text\"><em><strong>Foto ilustrativa<\/strong><\/em><\/p><\/div>\n<p><strong>Durante a realiza\u00e7\u00e3o das primeiras exposi\u00e7\u00f5es agropecu\u00e1rias de Itapetinga, nas d\u00e9cadas de 1950 e 1960, havia uma tradi\u00e7\u00e3o de pintar as fachadas da casas para dar uma boa impress\u00e3o aos visitantes de todas as regi\u00f5es da Bahia e at\u00e9 de outros estados.<\/strong><\/p>\n<p><strong>A tradi\u00e7\u00e3o era t\u00e3o forte, que a prefeitura chegava a distribuir as tintas para pessoas com menos recursos. A cidade ficava limpa e bonita e a popula\u00e7\u00e3o se envolvia de corpo e alma no evento.\u00a0<\/strong><\/p>\n<p><strong>As exposi\u00e7\u00f5es agropecu\u00e1rias nessas d\u00e9cadas, foram o principal fator de desenvolvimento do nosso munic\u00edpio e, a partir delas, Itapetinga passou a ser reconhecida como a &#8216;Capital da Pecu\u00e1ria Baiana&#8217;.<\/strong><\/p>\n<p><strong>A partir da d\u00e9cada de 1970, a tradi\u00e7\u00e3o das &#8216;casas pintadas&#8217; foi se perdendo, at\u00e9 cair no completo esquecimento.<\/strong><\/p>\n<p><strong>Atribui-se a iniciativa ao primeiro prefeito de Itapetinga, Juvino Oliveira.<\/strong><\/p>\n<p><strong>Por Davi Ferraz &#8211; Historiador\u00a0<\/strong><\/p>\n","protected":false},"excerpt":{"rendered":"<p>Durante a realiza\u00e7\u00e3o das primeiras exposi\u00e7\u00f5es agropecu\u00e1rias de Itapetinga, nas d\u00e9cadas de 1950 e 1960, havia uma tradi\u00e7\u00e3o de pintar as fachadas da casas para dar uma boa impress\u00e3o aos visitantes de todas as regi\u00f5es da Bahia e at\u00e9 de outros estados. A tradi\u00e7\u00e3o era t\u00e3o forte, que a prefeitura chegava a distribuir as tintas [&hellip;]<\/p>\n","protected":false},"author":2,"featured_media":116670,"comment_status":"closed","ping_status":"open","sticky":false,"template":"","format":"standard","meta":{"footnotes":"","_links_to":"","_links_to_target":""},"categories":[1],"tags":[],"class_list":["post-116668","post","type-post","status-publish","format-standard","has-post-thumbnail","hentry","category-geral"],"views":1727,"_links":{"self":[{"href":"https:\/\/www.sudoestehoje.com.br\/novoportal\/wp-json\/wp\/v2\/posts\/116668","targetHints":{"allow":["GET"]}}],"collection":[{"href":"https:\/\/www.sudoestehoje.com.br\/novoportal\/wp-json\/wp\/v2\/posts"}],"about":[{"href":"https:\/\/www.sudoestehoje.com.br\/novoportal\/wp-json\/wp\/v2\/types\/post"}],"author":[{"embeddable":true,"href":"https:\/\/www.sudoestehoje.com.br\/novoportal\/wp-json\/wp\/v2\/users\/2"}],"replies":[{"embeddable":true,"href":"https:\/\/www.sudoestehoje.com.br\/novoportal\/wp-json\/wp\/v2\/comments?post=116668"}],"version-history":[{"count":4,"href":"https:\/\/www.sudoestehoje.com.br\/novoportal\/wp-json\/wp\/v2\/posts\/116668\/revisions"}],"predecessor-version":[{"id":116673,"href":"https:\/\/www.sudoestehoje.com.br\/novoportal\/wp-json\/wp\/v2\/posts\/116668\/revisions\/116673"}],"wp:featuredmedia":[{"embeddable":true,"href":"https:\/\/www.sudoestehoje.com.br\/novoportal\/wp-json\/wp\/v2\/media\/116670"}],"wp:attachment":[{"href":"https:\/\/www.sudoestehoje.com.br\/novoportal\/wp-json\/wp\/v2\/media?parent=116668"}],"wp:term":[{"taxonomy":"category","embeddable":true,"href":"https:\/\/www.sudoestehoje.com.br\/novoportal\/wp-json\/wp\/v2\/categories?post=116668"},{"taxonomy":"post_tag","embeddable":true,"href":"https:\/\/www.sudoestehoje.com.br\/novoportal\/wp-json\/wp\/v2\/tags?post=116668"}],"curies":[{"name":"wp","href":"https:\/\/api.w.org\/{rel}","templated":true}]}}