
{"id":116659,"date":"2024-05-02T10:16:00","date_gmt":"2024-05-02T13:16:00","guid":{"rendered":"https:\/\/www.sudoestehoje.com.br\/novoportal\/?p=116659"},"modified":"2024-05-02T10:16:00","modified_gmt":"2024-05-02T13:16:00","slug":"video-registra-deputada-governista-sendo-abordada-por-pm-em-salvador","status":"publish","type":"post","link":"https:\/\/www.sudoestehoje.com.br\/novoportal\/2024\/05\/02\/video-registra-deputada-governista-sendo-abordada-por-pm-em-salvador\/","title":{"rendered":"V\u00cdDEO REGISTRA DEPUTADA GOVERNISTA SENDO ABORDADA POR PM EM SALVADOR"},"content":{"rendered":"<p><img loading=\"lazy\" decoding=\"async\" class=\"alignnone  wp-image-116660\" src=\"https:\/\/www.sudoestehoje.com.br\/novoportal\/wp-content\/uploads\/2024\/05\/olivia-santana-desabafou-sobre-episodio-2090732-article-600x369.webp\" alt=\"\" width=\"550\" height=\"338\" srcset=\"https:\/\/www.sudoestehoje.com.br\/novoportal\/wp-content\/uploads\/2024\/05\/olivia-santana-desabafou-sobre-episodio-2090732-article-600x369.webp 600w, https:\/\/www.sudoestehoje.com.br\/novoportal\/wp-content\/uploads\/2024\/05\/olivia-santana-desabafou-sobre-episodio-2090732-article-700x431.webp 700w, https:\/\/www.sudoestehoje.com.br\/novoportal\/wp-content\/uploads\/2024\/05\/olivia-santana-desabafou-sobre-episodio-2090732-article-768x472.webp 768w, https:\/\/www.sudoestehoje.com.br\/novoportal\/wp-content\/uploads\/2024\/05\/olivia-santana-desabafou-sobre-episodio-2090732-article.webp 1200w\" sizes=\"auto, (max-width: 550px) 100vw, 550px\" \/><\/p>\n<p><strong>Um v\u00eddeo gravado por uma testemunha mostra o momento da\u00a0abordagem feita pela Pol\u00edcia Militar \u00e0 deputada estadual Ol\u00edvia Santana (PCdoB), no Vale das Pedrinhas, em Salvador, na manh\u00e3 desta quarta (01). As imagens registraram parte da cena, quando a deputada deixa o carro e conversa com um policial. O v\u00eddeo n\u00e3o tem \u00e1udio.<\/strong><\/p>\n<p><span style=\"color: #0000ff;\"><strong><a style=\"color: #0000ff;\" href=\"https:\/\/www.correio24horas.com.br\/minha-bahia\/video-mostra-momento-que-deputada-olivia-santana-e-abordada-pela-pm-no-vale-das-pedrinhas-0524\">CONFIRA V\u00cdDEO NO CORREIO<\/a><\/strong><\/span><\/p>\n","protected":false},"excerpt":{"rendered":"<p>Um v\u00eddeo gravado por uma testemunha mostra o momento da\u00a0abordagem feita pela Pol\u00edcia Militar \u00e0 deputada estadual Ol\u00edvia Santana (PCdoB), no Vale das Pedrinhas, em Salvador, na manh\u00e3 desta quarta (01). As imagens registraram parte da cena, quando a deputada deixa o carro e conversa com um policial. O v\u00eddeo n\u00e3o tem \u00e1udio. CONFIRA V\u00cdDEO [&hellip;]<\/p>\n","protected":false},"author":2,"featured_media":116660,"comment_status":"closed","ping_status":"open","sticky":false,"template":"","format":"standard","meta":{"footnotes":"","_links_to":"","_links_to_target":""},"categories":[1],"tags":[],"class_list":["post-116659","post","type-post","status-publish","format-standard","has-post-thumbnail","hentry","category-geral"],"views":600,"_links":{"self":[{"href":"https:\/\/www.sudoestehoje.com.br\/novoportal\/wp-json\/wp\/v2\/posts\/116659","targetHints":{"allow":["GET"]}}],"collection":[{"href":"https:\/\/www.sudoestehoje.com.br\/novoportal\/wp-json\/wp\/v2\/posts"}],"about":[{"href":"https:\/\/www.sudoestehoje.com.br\/novoportal\/wp-json\/wp\/v2\/types\/post"}],"author":[{"embeddable":true,"href":"https:\/\/www.sudoestehoje.com.br\/novoportal\/wp-json\/wp\/v2\/users\/2"}],"replies":[{"embeddable":true,"href":"https:\/\/www.sudoestehoje.com.br\/novoportal\/wp-json\/wp\/v2\/comments?post=116659"}],"version-history":[{"count":2,"href":"https:\/\/www.sudoestehoje.com.br\/novoportal\/wp-json\/wp\/v2\/posts\/116659\/revisions"}],"predecessor-version":[{"id":116662,"href":"https:\/\/www.sudoestehoje.com.br\/novoportal\/wp-json\/wp\/v2\/posts\/116659\/revisions\/116662"}],"wp:featuredmedia":[{"embeddable":true,"href":"https:\/\/www.sudoestehoje.com.br\/novoportal\/wp-json\/wp\/v2\/media\/116660"}],"wp:attachment":[{"href":"https:\/\/www.sudoestehoje.com.br\/novoportal\/wp-json\/wp\/v2\/media?parent=116659"}],"wp:term":[{"taxonomy":"category","embeddable":true,"href":"https:\/\/www.sudoestehoje.com.br\/novoportal\/wp-json\/wp\/v2\/categories?post=116659"},{"taxonomy":"post_tag","embeddable":true,"href":"https:\/\/www.sudoestehoje.com.br\/novoportal\/wp-json\/wp\/v2\/tags?post=116659"}],"curies":[{"name":"wp","href":"https:\/\/api.w.org\/{rel}","templated":true}]}}