
{"id":116647,"date":"2024-05-02T09:02:57","date_gmt":"2024-05-02T12:02:57","guid":{"rendered":"https:\/\/www.sudoestehoje.com.br\/novoportal\/?p=116647"},"modified":"2024-05-02T09:03:34","modified_gmt":"2024-05-02T12:03:34","slug":"clima-tipico-de-inverno-em-itapetinga","status":"publish","type":"post","link":"https:\/\/www.sudoestehoje.com.br\/novoportal\/2024\/05\/02\/clima-tipico-de-inverno-em-itapetinga\/","title":{"rendered":"CLIMA T\u00cdPICO DE INVERNO EM ITAPETINGA"},"content":{"rendered":"<p><img loading=\"lazy\" decoding=\"async\" class=\"alignnone wp-image-116649\" src=\"https:\/\/www.sudoestehoje.com.br\/novoportal\/wp-content\/uploads\/2024\/05\/ebf67932-09bf-4be3-ac2e-a4a920c0459a-1-600x352.jpg\" alt=\"\" width=\"551\" height=\"323\" srcset=\"https:\/\/www.sudoestehoje.com.br\/novoportal\/wp-content\/uploads\/2024\/05\/ebf67932-09bf-4be3-ac2e-a4a920c0459a-1-600x352.jpg 600w, https:\/\/www.sudoestehoje.com.br\/novoportal\/wp-content\/uploads\/2024\/05\/ebf67932-09bf-4be3-ac2e-a4a920c0459a-1-700x411.jpg 700w, https:\/\/www.sudoestehoje.com.br\/novoportal\/wp-content\/uploads\/2024\/05\/ebf67932-09bf-4be3-ac2e-a4a920c0459a-1-768x451.jpg 768w, https:\/\/www.sudoestehoje.com.br\/novoportal\/wp-content\/uploads\/2024\/05\/ebf67932-09bf-4be3-ac2e-a4a920c0459a-1.jpg 1076w\" sizes=\"auto, (max-width: 551px) 100vw, 551px\" \/><\/p>\n<p><strong>Em pleno outono, Itapetinga amanheceu nesta quinta-feira (2) com clima t\u00edpico de inverno, com chuva fina, neblina e temperatura de 22\u00b0C no in\u00edcio do per\u00edodo.<\/strong><\/p>\n<p><strong>De acordo com o Climatempo, o dia dever\u00e1 ser de sol, alternando com chuvas espa\u00e7as. <\/strong><\/p>\n<p><strong>A mesma previs\u00e3o prevalece para os pr\u00f3ximos 15 dias, inclusive no per\u00edodo de realiza\u00e7\u00e3o da Exposi\u00e7\u00e3o Agropecu\u00e1ria, que ter\u00e1 in\u00edcio em 10 de maio.<\/strong><\/p>\n<p><strong>Por Davi Ferraz\u00a0<\/strong><\/p>\n","protected":false},"excerpt":{"rendered":"<p>Em pleno outono, Itapetinga amanheceu nesta quinta-feira (2) com clima t\u00edpico de inverno, com chuva fina, neblina e temperatura de 22\u00b0C no in\u00edcio do per\u00edodo. De acordo com o Climatempo, o dia dever\u00e1 ser de sol, alternando com chuvas espa\u00e7as. A mesma previs\u00e3o prevalece para os pr\u00f3ximos 15 dias, inclusive no per\u00edodo de realiza\u00e7\u00e3o da [&hellip;]<\/p>\n","protected":false},"author":2,"featured_media":116649,"comment_status":"closed","ping_status":"open","sticky":false,"template":"","format":"standard","meta":{"footnotes":"","_links_to":"","_links_to_target":""},"categories":[1],"tags":[],"class_list":["post-116647","post","type-post","status-publish","format-standard","has-post-thumbnail","hentry","category-geral"],"views":1550,"_links":{"self":[{"href":"https:\/\/www.sudoestehoje.com.br\/novoportal\/wp-json\/wp\/v2\/posts\/116647","targetHints":{"allow":["GET"]}}],"collection":[{"href":"https:\/\/www.sudoestehoje.com.br\/novoportal\/wp-json\/wp\/v2\/posts"}],"about":[{"href":"https:\/\/www.sudoestehoje.com.br\/novoportal\/wp-json\/wp\/v2\/types\/post"}],"author":[{"embeddable":true,"href":"https:\/\/www.sudoestehoje.com.br\/novoportal\/wp-json\/wp\/v2\/users\/2"}],"replies":[{"embeddable":true,"href":"https:\/\/www.sudoestehoje.com.br\/novoportal\/wp-json\/wp\/v2\/comments?post=116647"}],"version-history":[{"count":4,"href":"https:\/\/www.sudoestehoje.com.br\/novoportal\/wp-json\/wp\/v2\/posts\/116647\/revisions"}],"predecessor-version":[{"id":116652,"href":"https:\/\/www.sudoestehoje.com.br\/novoportal\/wp-json\/wp\/v2\/posts\/116647\/revisions\/116652"}],"wp:featuredmedia":[{"embeddable":true,"href":"https:\/\/www.sudoestehoje.com.br\/novoportal\/wp-json\/wp\/v2\/media\/116649"}],"wp:attachment":[{"href":"https:\/\/www.sudoestehoje.com.br\/novoportal\/wp-json\/wp\/v2\/media?parent=116647"}],"wp:term":[{"taxonomy":"category","embeddable":true,"href":"https:\/\/www.sudoestehoje.com.br\/novoportal\/wp-json\/wp\/v2\/categories?post=116647"},{"taxonomy":"post_tag","embeddable":true,"href":"https:\/\/www.sudoestehoje.com.br\/novoportal\/wp-json\/wp\/v2\/tags?post=116647"}],"curies":[{"name":"wp","href":"https:\/\/api.w.org\/{rel}","templated":true}]}}