
{"id":116639,"date":"2024-04-30T11:48:22","date_gmt":"2024-04-30T14:48:22","guid":{"rendered":"https:\/\/www.sudoestehoje.com.br\/novoportal\/?p=116639"},"modified":"2024-04-30T11:48:49","modified_gmt":"2024-04-30T14:48:49","slug":"itapetinga-promotora-ameaca-impugnar-candidaturas-de-vereadores-que-nao-foram-a-evento-dela-na-camara","status":"publish","type":"post","link":"https:\/\/www.sudoestehoje.com.br\/novoportal\/2024\/04\/30\/itapetinga-promotora-ameaca-impugnar-candidaturas-de-vereadores-que-nao-foram-a-evento-dela-na-camara\/","title":{"rendered":"ITAPETINGA | PROMOTORA &#8220;AMEA\u00c7A&#8221; IMPUGNAR CANDIDATURAS DE VEREADORES QUE N\u00c3O FORAM A EVENTO DELA NA C\u00c2MARA"},"content":{"rendered":"<p><img loading=\"lazy\" decoding=\"async\" class=\"alignnone wp-image-116640\" src=\"https:\/\/www.sudoestehoje.com.br\/novoportal\/wp-content\/uploads\/2024\/04\/IMAGEM_NOTICIA_9-4-1-600x315.webp\" alt=\"\" width=\"550\" height=\"289\" srcset=\"https:\/\/www.sudoestehoje.com.br\/novoportal\/wp-content\/uploads\/2024\/04\/IMAGEM_NOTICIA_9-4-1-600x315.webp 600w, https:\/\/www.sudoestehoje.com.br\/novoportal\/wp-content\/uploads\/2024\/04\/IMAGEM_NOTICIA_9-4-1-700x368.webp 700w, https:\/\/www.sudoestehoje.com.br\/novoportal\/wp-content\/uploads\/2024\/04\/IMAGEM_NOTICIA_9-4-1-768x403.webp 768w, https:\/\/www.sudoestehoje.com.br\/novoportal\/wp-content\/uploads\/2024\/04\/IMAGEM_NOTICIA_9-4-1.webp 1200w\" sizes=\"auto, (max-width: 550px) 100vw, 550px\" \/><\/p>\n<p><em><strong>Do Bahia Not\u00edcias<\/strong><\/em><\/p>\n<p><strong>Titular da 1\u00aa Promotoria de Justi\u00e7a de Itapetinga, a promotora Solange Anat\u00f3lio do Esp\u00edrito Santo, \u00e9 protagonista de v\u00eddeos que ganharam as redes sociais nos \u00faltimos dias, supostamente amea\u00e7ando impugnar a candidatura \u00e0 reelei\u00e7\u00e3o de vereadores que n\u00e3o participaram de um curso promovido por ela na cidade.\u00a0<\/strong><\/p>\n<p><strong><em>\u201cVoc\u00eas gostariam de saber aonde andam os 11 edis faltosos? Voc\u00eas gostariam que os edis faltosos estivessem aqui nos prestigiando? Ent\u00e3o vamos parabenizar aqueles guerreiros que vieram nos prestigiar no dia de hoje, porque eles est\u00e3o aqui nos honrando. Palmas para eles. Agrade\u00e7o a todos voc\u00eas por estarem aqui e 11 faltosos, me aguardem nas impugna\u00e7\u00f5es de registro de candidatura\u201d<\/em>, afirma a promotora em frente aos participantes do evento.\u00a0<\/strong><\/p>\n<p><span style=\"color: #0000ff;\"><strong><a style=\"color: #0000ff;\" href=\"https:\/\/www.bahianoticias.com.br\/justica\/noticia\/69618-promotora-viraliza-ameacando-impugnar-candidaturas-de-vereadores-que-nao-participaram-de-evento-dela-em-itapetinga\">CONFIRA MAT\u00c9RIA COMPLETA NO BAHIA NOT\u00cdCIAS<\/a><\/strong><\/span><\/p>\n<p dir=\"ltr\">\n","protected":false},"excerpt":{"rendered":"<p>Do Bahia Not\u00edcias Titular da 1\u00aa Promotoria de Justi\u00e7a de Itapetinga, a promotora Solange Anat\u00f3lio do Esp\u00edrito Santo, \u00e9 protagonista de v\u00eddeos que ganharam as redes sociais nos \u00faltimos dias, supostamente amea\u00e7ando impugnar a candidatura \u00e0 reelei\u00e7\u00e3o de vereadores que n\u00e3o participaram de um curso promovido por ela na cidade.\u00a0 \u201cVoc\u00eas gostariam de saber aonde [&hellip;]<\/p>\n","protected":false},"author":2,"featured_media":116640,"comment_status":"closed","ping_status":"open","sticky":false,"template":"","format":"standard","meta":{"footnotes":"","_links_to":"","_links_to_target":""},"categories":[1],"tags":[],"class_list":["post-116639","post","type-post","status-publish","format-standard","has-post-thumbnail","hentry","category-geral"],"views":1650,"_links":{"self":[{"href":"https:\/\/www.sudoestehoje.com.br\/novoportal\/wp-json\/wp\/v2\/posts\/116639","targetHints":{"allow":["GET"]}}],"collection":[{"href":"https:\/\/www.sudoestehoje.com.br\/novoportal\/wp-json\/wp\/v2\/posts"}],"about":[{"href":"https:\/\/www.sudoestehoje.com.br\/novoportal\/wp-json\/wp\/v2\/types\/post"}],"author":[{"embeddable":true,"href":"https:\/\/www.sudoestehoje.com.br\/novoportal\/wp-json\/wp\/v2\/users\/2"}],"replies":[{"embeddable":true,"href":"https:\/\/www.sudoestehoje.com.br\/novoportal\/wp-json\/wp\/v2\/comments?post=116639"}],"version-history":[{"count":4,"href":"https:\/\/www.sudoestehoje.com.br\/novoportal\/wp-json\/wp\/v2\/posts\/116639\/revisions"}],"predecessor-version":[{"id":116645,"href":"https:\/\/www.sudoestehoje.com.br\/novoportal\/wp-json\/wp\/v2\/posts\/116639\/revisions\/116645"}],"wp:featuredmedia":[{"embeddable":true,"href":"https:\/\/www.sudoestehoje.com.br\/novoportal\/wp-json\/wp\/v2\/media\/116640"}],"wp:attachment":[{"href":"https:\/\/www.sudoestehoje.com.br\/novoportal\/wp-json\/wp\/v2\/media?parent=116639"}],"wp:term":[{"taxonomy":"category","embeddable":true,"href":"https:\/\/www.sudoestehoje.com.br\/novoportal\/wp-json\/wp\/v2\/categories?post=116639"},{"taxonomy":"post_tag","embeddable":true,"href":"https:\/\/www.sudoestehoje.com.br\/novoportal\/wp-json\/wp\/v2\/tags?post=116639"}],"curies":[{"name":"wp","href":"https:\/\/api.w.org\/{rel}","templated":true}]}}