
{"id":116633,"date":"2024-04-30T09:36:29","date_gmt":"2024-04-30T12:36:29","guid":{"rendered":"https:\/\/www.sudoestehoje.com.br\/novoportal\/?p=116633"},"modified":"2024-04-30T09:36:29","modified_gmt":"2024-04-30T12:36:29","slug":"quentinhas-o-desabafo-de-alfredo-cabral-cida-moura-pode-abrir-vaga-para-o-genro","status":"publish","type":"post","link":"https:\/\/www.sudoestehoje.com.br\/novoportal\/2024\/04\/30\/quentinhas-o-desabafo-de-alfredo-cabral-cida-moura-pode-abrir-vaga-para-o-genro\/","title":{"rendered":"QUENTINHAS | O DESABAFO DE ALFREDO CABRAL; CIDA MOURA PODE ABRIR VAGA PARA O GENRO"},"content":{"rendered":"<p><img loading=\"lazy\" decoding=\"async\" class=\"alignnone  wp-image-116636\" src=\"https:\/\/www.sudoestehoje.com.br\/novoportal\/wp-content\/uploads\/2024\/04\/b087fbc9-7971-44c9-b854-e0a5545b1623-1.jpg\" alt=\"\" width=\"542\" height=\"340\" \/><\/p>\n<p><strong>ALFREDO ABRIU O JOGO<\/strong><\/p>\n<p><strong>Usando do &#8216;direito de resposta&#8217;, o ex-vereador e presidente do PMN, Alfredo Cabral, foi ao programa de Jai, na R\u00e1dio Vida Nova, no \u00faltimo s\u00e1bado, e fez um desabafo sobre a forma anti\u00e9tica e truculenta usada pelo genro da pr\u00e9-candidata Cida Moura, que culminou com a perda do PSD. Alfredo n\u00e3o aliviou e abriu o jogo sobre o epis\u00f3dio. Ficou feio para o cidad\u00e3o.<\/strong><\/p>\n<p><strong>N\u00c3O ACEITOU SER VICE DE CIDA<\/strong><\/p>\n<p><strong>Dentre outras revela\u00e7\u00f5es, Alfredo disse que foi convidado por preposto do grupo de Cida Moura, para ser vice na chapa da ex-primeira-dama, mas que n\u00e3o aceitou. O nome do emiss\u00e1rio de Cida n\u00e3o foi revelado por Alfredo, na entrevista, mas se ele falasse mais um &#8216;tiquinho&#8217;, saber\u00edamos logo. E o acordo com Jo\u00e3o de Deus para ele ser o vice, ou vice-versa, j\u00e1 foi pro pau?<\/strong><\/p>\n<p><strong>PROPOSTA PARA ATRAIR INCAUTOS E DESAVISADOS<\/strong><\/p>\n<p><strong>Na busca fren\u00e9tica por pr\u00e9-candidatos a vereador, a nova dire\u00e7\u00e3o do PSD fez a seguinte proposta para atrair postulantes: os vereadores que forem eleitos ocupariam secretarias, abrindo vagas para os suplentes na c\u00e2mara, caso Cida for eleita prefeita. A proposta furada do PSD n\u00e3o atraiu quase\u00a0 ningu\u00e9m, s\u00f3 meia-bocas, e o partido tem poucas perspectivas em rela\u00e7\u00e3o \u00e0 c\u00e2mara. De acordo com avalia\u00e7\u00f5es no meio pol\u00edtico, entre Tiquinho, Valdeir, Diga Diga e Sidnei, que s\u00e3o os mais cotados, dois ou tr\u00eas devem ir pro pau, por falta de &#8216;engrossa caldo&#8217;.<\/strong><\/p>\n<p><strong>CARTA NA MANGA DO PSD PODE SER O GENRO OU A FILHA DE CIDA<\/strong><\/p>\n<p><strong>Cada dia mais desanimada e alheia ao processo pol\u00edtico-eleitoral, crescem os boatos de que Cida Moura poder\u00e1 desistir da pr\u00e9-candidatura, abrindo vaga para o &#8216;simp\u00e1tico&#8217; genro, Lucas Costa, ou para a filha Amanda, ne\u00f3fita e inexperiente. A jogada permitiria manter o acordo com o deputado Ottinho, do qual Cida Moura \u00e9 Assessora Parlamentar em Bras\u00edlia e n\u00e3o pode abrir m\u00e3o do generoso emprego \u00e0 dist\u00e2ncia.\u00a0\u00a0<\/strong><\/p>\n<p><strong>DIVORCIADOS ANTES DO CASAMENTO<\/strong><\/p>\n<p><strong>Nas articula\u00e7\u00f5es de Rosemberg, uma proposta de uni\u00e3o foi feita: a forma\u00e7\u00e3o de uma chapa com Cida na cabe\u00e7a e Jo\u00e3o de Deus na vice. Nos planos do deputado, essa uni\u00e3o seria &#8220;vit\u00f3ria certa&#8221; contra o forte candidato da situa\u00e7\u00e3o, Eduardo Hagge, que j\u00e1 lidera o processo eleitoral em Itapetinga. O plano melou, depois que o novo filiado do PT, vereador Jo\u00e3o de Deus, &#8216;engrossou o cangote&#8221; achando que teria mais chance que a mulher de Z\u00e9, levando a dupla a um div\u00f3rcio antecipado. Qualquer avalia\u00e7\u00e3o, mostra que Cida Moura pesa muito mais que o pretencioso vereador. Todo mundo sabe disto, menos ele. Goodbye!!!<\/strong><\/p>\n<p><strong>Por Davi Ferraz<\/strong><\/p>\n","protected":false},"excerpt":{"rendered":"<p>ALFREDO ABRIU O JOGO Usando do &#8216;direito de resposta&#8217;, o ex-vereador e presidente do PMN, Alfredo Cabral, foi ao programa de Jai, na R\u00e1dio Vida Nova, no \u00faltimo s\u00e1bado, e fez um desabafo sobre a forma anti\u00e9tica e truculenta usada pelo genro da pr\u00e9-candidata Cida Moura, que culminou com a perda do PSD. Alfredo n\u00e3o [&hellip;]<\/p>\n","protected":false},"author":2,"featured_media":116636,"comment_status":"closed","ping_status":"open","sticky":false,"template":"","format":"standard","meta":{"footnotes":"","_links_to":"","_links_to_target":""},"categories":[1],"tags":[],"class_list":["post-116633","post","type-post","status-publish","format-standard","has-post-thumbnail","hentry","category-geral"],"views":1393,"_links":{"self":[{"href":"https:\/\/www.sudoestehoje.com.br\/novoportal\/wp-json\/wp\/v2\/posts\/116633","targetHints":{"allow":["GET"]}}],"collection":[{"href":"https:\/\/www.sudoestehoje.com.br\/novoportal\/wp-json\/wp\/v2\/posts"}],"about":[{"href":"https:\/\/www.sudoestehoje.com.br\/novoportal\/wp-json\/wp\/v2\/types\/post"}],"author":[{"embeddable":true,"href":"https:\/\/www.sudoestehoje.com.br\/novoportal\/wp-json\/wp\/v2\/users\/2"}],"replies":[{"embeddable":true,"href":"https:\/\/www.sudoestehoje.com.br\/novoportal\/wp-json\/wp\/v2\/comments?post=116633"}],"version-history":[{"count":4,"href":"https:\/\/www.sudoestehoje.com.br\/novoportal\/wp-json\/wp\/v2\/posts\/116633\/revisions"}],"predecessor-version":[{"id":116638,"href":"https:\/\/www.sudoestehoje.com.br\/novoportal\/wp-json\/wp\/v2\/posts\/116633\/revisions\/116638"}],"wp:featuredmedia":[{"embeddable":true,"href":"https:\/\/www.sudoestehoje.com.br\/novoportal\/wp-json\/wp\/v2\/media\/116636"}],"wp:attachment":[{"href":"https:\/\/www.sudoestehoje.com.br\/novoportal\/wp-json\/wp\/v2\/media?parent=116633"}],"wp:term":[{"taxonomy":"category","embeddable":true,"href":"https:\/\/www.sudoestehoje.com.br\/novoportal\/wp-json\/wp\/v2\/categories?post=116633"},{"taxonomy":"post_tag","embeddable":true,"href":"https:\/\/www.sudoestehoje.com.br\/novoportal\/wp-json\/wp\/v2\/tags?post=116633"}],"curies":[{"name":"wp","href":"https:\/\/api.w.org\/{rel}","templated":true}]}}