
{"id":116629,"date":"2024-04-29T16:24:52","date_gmt":"2024-04-29T19:24:52","guid":{"rendered":"https:\/\/www.sudoestehoje.com.br\/novoportal\/?p=116629"},"modified":"2024-04-29T16:24:52","modified_gmt":"2024-04-29T19:24:52","slug":"nota-de-falecimento-joao-gabrielli-bida","status":"publish","type":"post","link":"https:\/\/www.sudoestehoje.com.br\/novoportal\/2024\/04\/29\/nota-de-falecimento-joao-gabrielli-bida\/","title":{"rendered":"NOTA DE FALECIMENTO | JO\u00c3O GABRIELLI (BIDA)"},"content":{"rendered":"<p><img loading=\"lazy\" decoding=\"async\" class=\"alignnone  wp-image-116631\" src=\"https:\/\/www.sudoestehoje.com.br\/novoportal\/wp-content\/uploads\/2024\/04\/444271e2-5a1a-4649-9e28-bd52c6adab3a-600x460.jpg\" alt=\"\" width=\"549\" height=\"421\" srcset=\"https:\/\/www.sudoestehoje.com.br\/novoportal\/wp-content\/uploads\/2024\/04\/444271e2-5a1a-4649-9e28-bd52c6adab3a-600x460.jpg 600w, https:\/\/www.sudoestehoje.com.br\/novoportal\/wp-content\/uploads\/2024\/04\/444271e2-5a1a-4649-9e28-bd52c6adab3a-700x536.jpg 700w, https:\/\/www.sudoestehoje.com.br\/novoportal\/wp-content\/uploads\/2024\/04\/444271e2-5a1a-4649-9e28-bd52c6adab3a.jpg 723w\" sizes=\"auto, (max-width: 549px) 100vw, 549px\" \/><\/p>\n<p><strong>Comunicamos o falecimento do amigo Jo\u00e3o Gabrielli (Bida), 69 anos, ocorrido na noite deste domingo (28), em Itapetinga. Entretanto, o seu corpo s\u00f3 foi encontrado, em sua resid\u00eancia, na tarde desta segunda-feira.<\/strong><\/p>\n<p><strong>De acordo com informa\u00e7\u00f5es do seu irm\u00e3o, o ex-vereador Marcos Gabrielli, Bida tinha problemas card\u00edacos h\u00e1 anos, mas vinha se tratando periodicamente.<\/strong><\/p>\n<p><strong>Bida deixou os filhos Lucelia, Suzana, joan, William, Jamile, jailton, Rafaela e Joana.<\/strong><\/p>\n<p><strong>O corpo ser\u00e1 velado na Pax Perfei\u00e7\u00e3o a partir das 19h de hoje, com sepultamento previsto para as 9h de amanh\u00e3 (ter\u00e7a).<\/strong><\/p>\n<p><strong>O sudoeste Hoje lamenta a perda do amido Bida e estende seu pesar a toda a Fam\u00edlia Gabrielli e amigos.<\/strong><\/p>\n<p><strong>Davi Ferraz &#8211; Editor<\/strong><\/p>\n","protected":false},"excerpt":{"rendered":"<p>Comunicamos o falecimento do amigo Jo\u00e3o Gabrielli (Bida), 69 anos, ocorrido na noite deste domingo (28), em Itapetinga. Entretanto, o seu corpo s\u00f3 foi encontrado, em sua resid\u00eancia, na tarde desta segunda-feira. De acordo com informa\u00e7\u00f5es do seu irm\u00e3o, o ex-vereador Marcos Gabrielli, Bida tinha problemas card\u00edacos h\u00e1 anos, mas vinha se tratando periodicamente. Bida [&hellip;]<\/p>\n","protected":false},"author":2,"featured_media":116631,"comment_status":"closed","ping_status":"open","sticky":false,"template":"","format":"standard","meta":{"footnotes":"","_links_to":"","_links_to_target":""},"categories":[1],"tags":[],"class_list":["post-116629","post","type-post","status-publish","format-standard","has-post-thumbnail","hentry","category-geral"],"views":1618,"_links":{"self":[{"href":"https:\/\/www.sudoestehoje.com.br\/novoportal\/wp-json\/wp\/v2\/posts\/116629","targetHints":{"allow":["GET"]}}],"collection":[{"href":"https:\/\/www.sudoestehoje.com.br\/novoportal\/wp-json\/wp\/v2\/posts"}],"about":[{"href":"https:\/\/www.sudoestehoje.com.br\/novoportal\/wp-json\/wp\/v2\/types\/post"}],"author":[{"embeddable":true,"href":"https:\/\/www.sudoestehoje.com.br\/novoportal\/wp-json\/wp\/v2\/users\/2"}],"replies":[{"embeddable":true,"href":"https:\/\/www.sudoestehoje.com.br\/novoportal\/wp-json\/wp\/v2\/comments?post=116629"}],"version-history":[{"count":2,"href":"https:\/\/www.sudoestehoje.com.br\/novoportal\/wp-json\/wp\/v2\/posts\/116629\/revisions"}],"predecessor-version":[{"id":116632,"href":"https:\/\/www.sudoestehoje.com.br\/novoportal\/wp-json\/wp\/v2\/posts\/116629\/revisions\/116632"}],"wp:featuredmedia":[{"embeddable":true,"href":"https:\/\/www.sudoestehoje.com.br\/novoportal\/wp-json\/wp\/v2\/media\/116631"}],"wp:attachment":[{"href":"https:\/\/www.sudoestehoje.com.br\/novoportal\/wp-json\/wp\/v2\/media?parent=116629"}],"wp:term":[{"taxonomy":"category","embeddable":true,"href":"https:\/\/www.sudoestehoje.com.br\/novoportal\/wp-json\/wp\/v2\/categories?post=116629"},{"taxonomy":"post_tag","embeddable":true,"href":"https:\/\/www.sudoestehoje.com.br\/novoportal\/wp-json\/wp\/v2\/tags?post=116629"}],"curies":[{"name":"wp","href":"https:\/\/api.w.org\/{rel}","templated":true}]}}