
{"id":116615,"date":"2024-04-29T09:13:01","date_gmt":"2024-04-29T12:13:01","guid":{"rendered":"https:\/\/www.sudoestehoje.com.br\/novoportal\/?p=116615"},"modified":"2024-04-29T09:14:56","modified_gmt":"2024-04-29T12:14:56","slug":"bn-seculus-ze-ronaldo-lidera-em-feira-de-santana-com-4395-contra-2872-de-ze-neto","status":"publish","type":"post","link":"https:\/\/www.sudoestehoje.com.br\/novoportal\/2024\/04\/29\/bn-seculus-ze-ronaldo-lidera-em-feira-de-santana-com-4395-contra-2872-de-ze-neto\/","title":{"rendered":"BN\/S\u00c9CULUS | Z\u00c9 RONALDO LIDERA EM FEIRA DE SANTANA COM 43,95, CONTRA 28,72 DE Z\u00c9 NETO"},"content":{"rendered":"<p><img loading=\"lazy\" decoding=\"async\" class=\"alignnone wp-image-116617\" src=\"https:\/\/www.sudoestehoje.com.br\/novoportal\/wp-content\/uploads\/2024\/04\/IMAGEM_NOTICIA_9-2-1-600x315.webp\" alt=\"\" width=\"550\" height=\"289\" srcset=\"https:\/\/www.sudoestehoje.com.br\/novoportal\/wp-content\/uploads\/2024\/04\/IMAGEM_NOTICIA_9-2-1-600x315.webp 600w, https:\/\/www.sudoestehoje.com.br\/novoportal\/wp-content\/uploads\/2024\/04\/IMAGEM_NOTICIA_9-2-1-700x368.webp 700w, https:\/\/www.sudoestehoje.com.br\/novoportal\/wp-content\/uploads\/2024\/04\/IMAGEM_NOTICIA_9-2-1-768x403.webp 768w, https:\/\/www.sudoestehoje.com.br\/novoportal\/wp-content\/uploads\/2024\/04\/IMAGEM_NOTICIA_9-2-1.webp 1200w\" sizes=\"auto, (max-width: 550px) 100vw, 550px\" \/><\/p>\n<p><strong>Segundo maior col\u00e9gio eleitoral da Bahia, o munic\u00edpio de Feira de Santana j\u00e1 tem definido os dois principais nomes que v\u00e3o disputar o cargo para a prefeitura em outubro deste ano. O embate entre Jos\u00e9 Ronaldo (Uni\u00e3o), ex-prefeito de Feira de Santana por quatro mandatos, e o deputado federal, Z\u00e9 Neto (PT) deve movimentar o pleito de 2024 na Bahia.<\/strong><\/p>\n<p><strong>Segundo levantamento da empresa S\u00e9culus An\u00e1lise e Pesquisa, em parceria com o Bahia Not\u00edcias, Z\u00e9 Ronaldo aparece na dianteira quando o assunto \u00e9 a prefer\u00eancia do\u00a0eleitorado de Feira. A pesquisa, divulgada nesta segunda-feira (29), testa o desempenho dos pr\u00e9-candidatos em um cen\u00e1rio espont\u00e2neo, quando os nomes n\u00e3o s\u00e3o apresentados pelos entrevistadores.<\/strong><\/p>\n<p><img loading=\"lazy\" decoding=\"async\" class=\"alignnone  wp-image-116621\" src=\"https:\/\/www.sudoestehoje.com.br\/novoportal\/wp-content\/uploads\/2024\/04\/ESTIMULADA-600x393.jpg\" alt=\"\" width=\"550\" height=\"360\" srcset=\"https:\/\/www.sudoestehoje.com.br\/novoportal\/wp-content\/uploads\/2024\/04\/ESTIMULADA-600x393.jpg 600w, https:\/\/www.sudoestehoje.com.br\/novoportal\/wp-content\/uploads\/2024\/04\/ESTIMULADA-700x459.jpg 700w, https:\/\/www.sudoestehoje.com.br\/novoportal\/wp-content\/uploads\/2024\/04\/ESTIMULADA-768x503.jpg 768w, https:\/\/www.sudoestehoje.com.br\/novoportal\/wp-content\/uploads\/2024\/04\/ESTIMULADA.jpg 984w\" sizes=\"auto, (max-width: 550px) 100vw, 550px\" \/><\/p>\n<p><strong>Z\u00e9 Ronaldo chega a 32,36% e \u00e9 seguido por Z\u00e9 Neto com 24,71%. Fecha as primeiras posi\u00e7\u00f5es o deputado estadual Pablo Roberto (PSDB) com 6,75%. A espont\u00e2nea traz ainda Jhonatas Monteiro (2,93%), Karol Venas (0,13%) e Samaritano (0,13%). N\u00e3o sabe ou n\u00e3o opinou representa 26,88% do levantamento e nenhum 6,11%.<\/strong><\/p>\n<p><strong><span style=\"color: #0000ff;\"><a style=\"color: #0000ff;\" href=\"https:\/\/www.bahianoticias.com.br\/municipios\/noticia\/39172-bnseculus-jose-ronaldo-lidera-corrida-eleitoral-em-feira-de-santana-com-4395-ze-neto-chega-a-2872\">CONFIRA AQUI PESQUISA COMPLETA NO BN<\/a><\/span><\/strong><\/p>\n","protected":false},"excerpt":{"rendered":"<p>Segundo maior col\u00e9gio eleitoral da Bahia, o munic\u00edpio de Feira de Santana j\u00e1 tem definido os dois principais nomes que v\u00e3o disputar o cargo para a prefeitura em outubro deste ano. O embate entre Jos\u00e9 Ronaldo (Uni\u00e3o), ex-prefeito de Feira de Santana por quatro mandatos, e o deputado federal, Z\u00e9 Neto (PT) deve movimentar o [&hellip;]<\/p>\n","protected":false},"author":2,"featured_media":116617,"comment_status":"closed","ping_status":"open","sticky":false,"template":"","format":"standard","meta":{"footnotes":"","_links_to":"","_links_to_target":""},"categories":[1],"tags":[],"class_list":["post-116615","post","type-post","status-publish","format-standard","has-post-thumbnail","hentry","category-geral"],"views":585,"_links":{"self":[{"href":"https:\/\/www.sudoestehoje.com.br\/novoportal\/wp-json\/wp\/v2\/posts\/116615","targetHints":{"allow":["GET"]}}],"collection":[{"href":"https:\/\/www.sudoestehoje.com.br\/novoportal\/wp-json\/wp\/v2\/posts"}],"about":[{"href":"https:\/\/www.sudoestehoje.com.br\/novoportal\/wp-json\/wp\/v2\/types\/post"}],"author":[{"embeddable":true,"href":"https:\/\/www.sudoestehoje.com.br\/novoportal\/wp-json\/wp\/v2\/users\/2"}],"replies":[{"embeddable":true,"href":"https:\/\/www.sudoestehoje.com.br\/novoportal\/wp-json\/wp\/v2\/comments?post=116615"}],"version-history":[{"count":6,"href":"https:\/\/www.sudoestehoje.com.br\/novoportal\/wp-json\/wp\/v2\/posts\/116615\/revisions"}],"predecessor-version":[{"id":116623,"href":"https:\/\/www.sudoestehoje.com.br\/novoportal\/wp-json\/wp\/v2\/posts\/116615\/revisions\/116623"}],"wp:featuredmedia":[{"embeddable":true,"href":"https:\/\/www.sudoestehoje.com.br\/novoportal\/wp-json\/wp\/v2\/media\/116617"}],"wp:attachment":[{"href":"https:\/\/www.sudoestehoje.com.br\/novoportal\/wp-json\/wp\/v2\/media?parent=116615"}],"wp:term":[{"taxonomy":"category","embeddable":true,"href":"https:\/\/www.sudoestehoje.com.br\/novoportal\/wp-json\/wp\/v2\/categories?post=116615"},{"taxonomy":"post_tag","embeddable":true,"href":"https:\/\/www.sudoestehoje.com.br\/novoportal\/wp-json\/wp\/v2\/tags?post=116615"}],"curies":[{"name":"wp","href":"https:\/\/api.w.org\/{rel}","templated":true}]}}