
{"id":116605,"date":"2024-04-28T17:43:35","date_gmt":"2024-04-28T20:43:35","guid":{"rendered":"https:\/\/www.sudoestehoje.com.br\/novoportal\/?p=116605"},"modified":"2024-04-28T17:43:35","modified_gmt":"2024-04-28T20:43:35","slug":"incrivel-motociclista-e-arremessado-apos-colisao-com-caminhonete-no-sudoeste","status":"publish","type":"post","link":"https:\/\/www.sudoestehoje.com.br\/novoportal\/2024\/04\/28\/incrivel-motociclista-e-arremessado-apos-colisao-com-caminhonete-no-sudoeste\/","title":{"rendered":"INCR\u00cdVEL! MOTOCICLISTA \u00c9 ARREMESSADO AP\u00d3S COLIS\u00c3O COM CAMINHONETE NO SUDOESTE"},"content":{"rendered":"<p><img loading=\"lazy\" decoding=\"async\" class=\"alignnone  wp-image-116607\" src=\"https:\/\/www.sudoestehoje.com.br\/novoportal\/wp-content\/uploads\/2024\/04\/IMAGEM_NOTICIA_9-4-600x315.webp\" alt=\"\" width=\"550\" height=\"289\" srcset=\"https:\/\/www.sudoestehoje.com.br\/novoportal\/wp-content\/uploads\/2024\/04\/IMAGEM_NOTICIA_9-4-600x315.webp 600w, https:\/\/www.sudoestehoje.com.br\/novoportal\/wp-content\/uploads\/2024\/04\/IMAGEM_NOTICIA_9-4-700x368.webp 700w, https:\/\/www.sudoestehoje.com.br\/novoportal\/wp-content\/uploads\/2024\/04\/IMAGEM_NOTICIA_9-4-768x403.webp 768w, https:\/\/www.sudoestehoje.com.br\/novoportal\/wp-content\/uploads\/2024\/04\/IMAGEM_NOTICIA_9-4.webp 1200w\" sizes=\"auto, (max-width: 550px) 100vw, 550px\" \/><\/p>\n<p><strong>Um motociclista foi arremessado ap\u00f3s uma colis\u00e3o com uma caminhonete no s\u00e1bado (27), na Avenida Sandoval Moraes, na cidade de Guanambi, no sudoeste da Bahia.<\/strong><\/p>\n<p><strong>De acordo com o site\u00a0Achei Sudoeste, o acidente foi registrado por volta das 8h44, quando a caminhonete realizava uma convers\u00e3o \u00e0 esquerda sem ligar a seta.<\/strong><\/p>\n<p><strong>O motociclista colidiu com a lateral do ve\u00edculo e foi arremessado por cima do cap\u00f4 da caminhonete.\u00a0<\/strong><\/p>\n<p><strong>Segundo a Superintend\u00eancia Municipal de Tr\u00e2nsito (SMTran), o motociclista, que n\u00e3o teve o nome revelado, foi encaminhado para o Hospital Geral de Guanambi (HGG) com alguns ferimentos e foi submetido a alguns exames de imagem.<\/strong><\/p>\n<p><strong>O estado de sa\u00fade do motociclista, que n\u00e3o teve o nome revelado, n\u00e3o foi atualizado. O motorista da caminhonete n\u00e3o sofreu ferimentos. A moto foi removida para o p\u00e1tio da SMTran.<\/strong><\/p>\n","protected":false},"excerpt":{"rendered":"<p>Um motociclista foi arremessado ap\u00f3s uma colis\u00e3o com uma caminhonete no s\u00e1bado (27), na Avenida Sandoval Moraes, na cidade de Guanambi, no sudoeste da Bahia. De acordo com o site\u00a0Achei Sudoeste, o acidente foi registrado por volta das 8h44, quando a caminhonete realizava uma convers\u00e3o \u00e0 esquerda sem ligar a seta. O motociclista colidiu com [&hellip;]<\/p>\n","protected":false},"author":2,"featured_media":116607,"comment_status":"closed","ping_status":"open","sticky":false,"template":"","format":"standard","meta":{"footnotes":"","_links_to":"","_links_to_target":""},"categories":[1],"tags":[],"class_list":["post-116605","post","type-post","status-publish","format-standard","has-post-thumbnail","hentry","category-geral"],"views":1810,"_links":{"self":[{"href":"https:\/\/www.sudoestehoje.com.br\/novoportal\/wp-json\/wp\/v2\/posts\/116605","targetHints":{"allow":["GET"]}}],"collection":[{"href":"https:\/\/www.sudoestehoje.com.br\/novoportal\/wp-json\/wp\/v2\/posts"}],"about":[{"href":"https:\/\/www.sudoestehoje.com.br\/novoportal\/wp-json\/wp\/v2\/types\/post"}],"author":[{"embeddable":true,"href":"https:\/\/www.sudoestehoje.com.br\/novoportal\/wp-json\/wp\/v2\/users\/2"}],"replies":[{"embeddable":true,"href":"https:\/\/www.sudoestehoje.com.br\/novoportal\/wp-json\/wp\/v2\/comments?post=116605"}],"version-history":[{"count":2,"href":"https:\/\/www.sudoestehoje.com.br\/novoportal\/wp-json\/wp\/v2\/posts\/116605\/revisions"}],"predecessor-version":[{"id":116608,"href":"https:\/\/www.sudoestehoje.com.br\/novoportal\/wp-json\/wp\/v2\/posts\/116605\/revisions\/116608"}],"wp:featuredmedia":[{"embeddable":true,"href":"https:\/\/www.sudoestehoje.com.br\/novoportal\/wp-json\/wp\/v2\/media\/116607"}],"wp:attachment":[{"href":"https:\/\/www.sudoestehoje.com.br\/novoportal\/wp-json\/wp\/v2\/media?parent=116605"}],"wp:term":[{"taxonomy":"category","embeddable":true,"href":"https:\/\/www.sudoestehoje.com.br\/novoportal\/wp-json\/wp\/v2\/categories?post=116605"},{"taxonomy":"post_tag","embeddable":true,"href":"https:\/\/www.sudoestehoje.com.br\/novoportal\/wp-json\/wp\/v2\/tags?post=116605"}],"curies":[{"name":"wp","href":"https:\/\/api.w.org\/{rel}","templated":true}]}}