
{"id":116565,"date":"2024-04-25T10:28:45","date_gmt":"2024-04-25T13:28:45","guid":{"rendered":"https:\/\/www.sudoestehoje.com.br\/novoportal\/?p=116565"},"modified":"2024-04-25T10:45:15","modified_gmt":"2024-04-25T13:45:15","slug":"motoqueiro-avanca-sinal-vermelho-e-causa-acidente-no-semaforo-da-lagoa","status":"publish","type":"post","link":"https:\/\/www.sudoestehoje.com.br\/novoportal\/2024\/04\/25\/motoqueiro-avanca-sinal-vermelho-e-causa-acidente-no-semaforo-da-lagoa\/","title":{"rendered":"MOTOQUEIRO AVAN\u00c7A SINAL VERMELHO E CAUSA ACIDENTE NO SEM\u00c1FORO DA LAGOA"},"content":{"rendered":"<p><img loading=\"lazy\" decoding=\"async\" class=\"alignnone wp-image-116568\" src=\"https:\/\/www.sudoestehoje.com.br\/novoportal\/wp-content\/uploads\/2024\/04\/InCollage_20240425_004626307-1-600x358.jpg\" alt=\"\" width=\"551\" height=\"329\" srcset=\"https:\/\/www.sudoestehoje.com.br\/novoportal\/wp-content\/uploads\/2024\/04\/InCollage_20240425_004626307-1-600x358.jpg 600w, https:\/\/www.sudoestehoje.com.br\/novoportal\/wp-content\/uploads\/2024\/04\/InCollage_20240425_004626307-1.jpg 640w\" sizes=\"auto, (max-width: 551px) 100vw, 551px\" \/><\/p>\n<p><strong>Uma colis\u00e3o entre duas motos deixou motociclistas feridos no Parque Poliesportivo da Lagoa, em Itapetinga.\u00a0 O acidente aconteceu por volta da meia-noite desta quinta-feira (25), na esquina entre as avenidas Flamengo e Cinquenten\u00e1rio , causando bloqueio parcial na pista.<\/strong><\/p>\n<p><strong>A identidade dos envolvidos n\u00e3o foi divulgada.<\/strong><\/p>\n<p><strong>Segundo informa\u00e7\u00f5es preliminares coletadas no local, um dos motociclistas teria avan\u00e7ado um sem\u00e1foro, o que o fez colidir com a outra motocicleta. Na ocorr\u00eancia, ambos os condutores ficaram feridos.\u00a0\u00a0<\/strong><\/p>\n<p><strong>A Comutran e o SAMU-192 foram solicitados ao local\u00a0 para socorrer os envolvidos no acidente, controle do tr\u00e2nsito e\u00a0 procedimentos do boletim de ocorr\u00eancia. \/\/Itapetinga Acontece<\/strong><\/p>\n","protected":false},"excerpt":{"rendered":"<p>Uma colis\u00e3o entre duas motos deixou motociclistas feridos no Parque Poliesportivo da Lagoa, em Itapetinga.\u00a0 O acidente aconteceu por volta da meia-noite desta quinta-feira (25), na esquina entre as avenidas Flamengo e Cinquenten\u00e1rio , causando bloqueio parcial na pista. A identidade dos envolvidos n\u00e3o foi divulgada. Segundo informa\u00e7\u00f5es preliminares coletadas no local, um dos motociclistas [&hellip;]<\/p>\n","protected":false},"author":2,"featured_media":116568,"comment_status":"closed","ping_status":"open","sticky":false,"template":"","format":"standard","meta":{"footnotes":"","_links_to":"","_links_to_target":""},"categories":[1],"tags":[],"class_list":["post-116565","post","type-post","status-publish","format-standard","has-post-thumbnail","hentry","category-geral"],"views":1533,"_links":{"self":[{"href":"https:\/\/www.sudoestehoje.com.br\/novoportal\/wp-json\/wp\/v2\/posts\/116565","targetHints":{"allow":["GET"]}}],"collection":[{"href":"https:\/\/www.sudoestehoje.com.br\/novoportal\/wp-json\/wp\/v2\/posts"}],"about":[{"href":"https:\/\/www.sudoestehoje.com.br\/novoportal\/wp-json\/wp\/v2\/types\/post"}],"author":[{"embeddable":true,"href":"https:\/\/www.sudoestehoje.com.br\/novoportal\/wp-json\/wp\/v2\/users\/2"}],"replies":[{"embeddable":true,"href":"https:\/\/www.sudoestehoje.com.br\/novoportal\/wp-json\/wp\/v2\/comments?post=116565"}],"version-history":[{"count":5,"href":"https:\/\/www.sudoestehoje.com.br\/novoportal\/wp-json\/wp\/v2\/posts\/116565\/revisions"}],"predecessor-version":[{"id":116573,"href":"https:\/\/www.sudoestehoje.com.br\/novoportal\/wp-json\/wp\/v2\/posts\/116565\/revisions\/116573"}],"wp:featuredmedia":[{"embeddable":true,"href":"https:\/\/www.sudoestehoje.com.br\/novoportal\/wp-json\/wp\/v2\/media\/116568"}],"wp:attachment":[{"href":"https:\/\/www.sudoestehoje.com.br\/novoportal\/wp-json\/wp\/v2\/media?parent=116565"}],"wp:term":[{"taxonomy":"category","embeddable":true,"href":"https:\/\/www.sudoestehoje.com.br\/novoportal\/wp-json\/wp\/v2\/categories?post=116565"},{"taxonomy":"post_tag","embeddable":true,"href":"https:\/\/www.sudoestehoje.com.br\/novoportal\/wp-json\/wp\/v2\/tags?post=116565"}],"curies":[{"name":"wp","href":"https:\/\/api.w.org\/{rel}","templated":true}]}}