
{"id":116532,"date":"2024-04-24T07:25:18","date_gmt":"2024-04-24T10:25:18","guid":{"rendered":"https:\/\/www.sudoestehoje.com.br\/novoportal\/?p=116532"},"modified":"2024-04-24T07:25:18","modified_gmt":"2024-04-24T10:25:18","slug":"itapetinga-ganha-premio-sebrae-de-municipio-mais-empreendedor-da-bahia","status":"publish","type":"post","link":"https:\/\/www.sudoestehoje.com.br\/novoportal\/2024\/04\/24\/itapetinga-ganha-premio-sebrae-de-municipio-mais-empreendedor-da-bahia\/","title":{"rendered":"ITAPETINGA GANHA PR\u00caMIO SEBRAE DE MUNIC\u00cdPIO MAIS EMPREENDEDOR DA BAHIA"},"content":{"rendered":"<p><img loading=\"lazy\" decoding=\"async\" class=\"alignnone  wp-image-116533\" src=\"https:\/\/www.sudoestehoje.com.br\/novoportal\/wp-content\/uploads\/2024\/04\/06b2b463-5c5f-4332-b5bd-8dbd38bc072f-600x431.jpg\" alt=\"\" width=\"550\" height=\"395\" srcset=\"https:\/\/www.sudoestehoje.com.br\/novoportal\/wp-content\/uploads\/2024\/04\/06b2b463-5c5f-4332-b5bd-8dbd38bc072f-600x431.jpg 600w, https:\/\/www.sudoestehoje.com.br\/novoportal\/wp-content\/uploads\/2024\/04\/06b2b463-5c5f-4332-b5bd-8dbd38bc072f-700x502.jpg 700w, https:\/\/www.sudoestehoje.com.br\/novoportal\/wp-content\/uploads\/2024\/04\/06b2b463-5c5f-4332-b5bd-8dbd38bc072f-768x551.jpg 768w, https:\/\/www.sudoestehoje.com.br\/novoportal\/wp-content\/uploads\/2024\/04\/06b2b463-5c5f-4332-b5bd-8dbd38bc072f.jpg 960w\" sizes=\"auto, (max-width: 550px) 100vw, 550px\" \/><\/p>\n<p><em><strong>Texto: Ascom PMI<\/strong><\/em><\/p>\n<p><strong>A prefeitura de Itapetinga segue se destacando em toda Bahia. Na noite desta ter\u00e7a-feira, 23, o munic\u00edpio recebeu mais um pr\u00eamio em reconhecimento ao trabalho na busca de melhorias para a sua popula\u00e7\u00e3o. Na Ch\u00e1cara Baluarte, de Salvador, Itapetinga foi premiada por sua atua\u00e7\u00e3o na categoria Empreendedorismo Rural.<\/strong><\/p>\n<p><strong>A XII Edi\u00e7\u00e3o do Pr\u00eamio Sebrae Prefeitura Empreendedora reconheceu a import\u00e2ncia do trabalho do munic\u00edpio na busca de solu\u00e7\u00f5es e melhorias nos processos produtivos do campo. Desde o in\u00edcio da gest\u00e3o, a administra\u00e7\u00e3o tem estado ao lado dos pequenos produtores, oferecendo curso de capacita\u00e7\u00e3o, levando novas tecnologias e inova\u00e7\u00f5es ao meio rural, destinando espa\u00e7os para venda dos produtos cultivados, agregando valor a eles e apresentando, como o projeto vencedor destacou, \u201cbases agroecol\u00f3gicas como motor do desenvolvimento\u201d.<\/strong><\/p>\n<p><img loading=\"lazy\" decoding=\"async\" class=\"alignnone  wp-image-116534\" src=\"https:\/\/www.sudoestehoje.com.br\/novoportal\/wp-content\/uploads\/2024\/04\/25a7b21e-6ade-42fd-9dfb-5fde793b254c-600x486.jpg\" alt=\"\" width=\"551\" height=\"446\" srcset=\"https:\/\/www.sudoestehoje.com.br\/novoportal\/wp-content\/uploads\/2024\/04\/25a7b21e-6ade-42fd-9dfb-5fde793b254c-600x486.jpg 600w, https:\/\/www.sudoestehoje.com.br\/novoportal\/wp-content\/uploads\/2024\/04\/25a7b21e-6ade-42fd-9dfb-5fde793b254c-700x567.jpg 700w, https:\/\/www.sudoestehoje.com.br\/novoportal\/wp-content\/uploads\/2024\/04\/25a7b21e-6ade-42fd-9dfb-5fde793b254c-768x622.jpg 768w, https:\/\/www.sudoestehoje.com.br\/novoportal\/wp-content\/uploads\/2024\/04\/25a7b21e-6ade-42fd-9dfb-5fde793b254c.jpg 960w\" sizes=\"auto, (max-width: 551px) 100vw, 551px\" \/><\/p>\n<p><strong><em>\u201cTudo o que fazemos em prol dos pequenos neg\u00f3cios e do desenvolvimento local tem o potencial de trazer benef\u00edcios para a sociedade como um todo. O trabalho da prefeitura no meio rural, em especial com os pequenos produtores, tem sido o de contribuir para um cen\u00e1rio mais pr\u00f3spero e inclusivo. Itapetinga j\u00e1 mostrou seu potencial desenvolvimentista nos mais diversos setores e isso pode ser comprovado nos dados do Caged, por exemplo. Agora, nossa cidade mostra para toda a Bahia o potencial do nosso pequeno produtor. Isso \u00e9, sem d\u00favida, um orgulho para n\u00f3s, a demonstra\u00e7\u00e3o de que estamos no caminho certo, construindo a terra de desenvolvimento que podemos ser e com a qual sempre sonhamos\u201d<\/em>, disse o prefeito Rodrigo Hagge, ap\u00f3s receber o pr\u00eamio<\/strong><\/p>\n","protected":false},"excerpt":{"rendered":"<p>Texto: Ascom PMI A prefeitura de Itapetinga segue se destacando em toda Bahia. Na noite desta ter\u00e7a-feira, 23, o munic\u00edpio recebeu mais um pr\u00eamio em reconhecimento ao trabalho na busca de melhorias para a sua popula\u00e7\u00e3o. Na Ch\u00e1cara Baluarte, de Salvador, Itapetinga foi premiada por sua atua\u00e7\u00e3o na categoria Empreendedorismo Rural. A XII Edi\u00e7\u00e3o do [&hellip;]<\/p>\n","protected":false},"author":2,"featured_media":116533,"comment_status":"closed","ping_status":"open","sticky":false,"template":"","format":"standard","meta":{"footnotes":"","_links_to":"","_links_to_target":""},"categories":[1],"tags":[],"class_list":["post-116532","post","type-post","status-publish","format-standard","has-post-thumbnail","hentry","category-geral"],"views":751,"_links":{"self":[{"href":"https:\/\/www.sudoestehoje.com.br\/novoportal\/wp-json\/wp\/v2\/posts\/116532","targetHints":{"allow":["GET"]}}],"collection":[{"href":"https:\/\/www.sudoestehoje.com.br\/novoportal\/wp-json\/wp\/v2\/posts"}],"about":[{"href":"https:\/\/www.sudoestehoje.com.br\/novoportal\/wp-json\/wp\/v2\/types\/post"}],"author":[{"embeddable":true,"href":"https:\/\/www.sudoestehoje.com.br\/novoportal\/wp-json\/wp\/v2\/users\/2"}],"replies":[{"embeddable":true,"href":"https:\/\/www.sudoestehoje.com.br\/novoportal\/wp-json\/wp\/v2\/comments?post=116532"}],"version-history":[{"count":5,"href":"https:\/\/www.sudoestehoje.com.br\/novoportal\/wp-json\/wp\/v2\/posts\/116532\/revisions"}],"predecessor-version":[{"id":116539,"href":"https:\/\/www.sudoestehoje.com.br\/novoportal\/wp-json\/wp\/v2\/posts\/116532\/revisions\/116539"}],"wp:featuredmedia":[{"embeddable":true,"href":"https:\/\/www.sudoestehoje.com.br\/novoportal\/wp-json\/wp\/v2\/media\/116533"}],"wp:attachment":[{"href":"https:\/\/www.sudoestehoje.com.br\/novoportal\/wp-json\/wp\/v2\/media?parent=116532"}],"wp:term":[{"taxonomy":"category","embeddable":true,"href":"https:\/\/www.sudoestehoje.com.br\/novoportal\/wp-json\/wp\/v2\/categories?post=116532"},{"taxonomy":"post_tag","embeddable":true,"href":"https:\/\/www.sudoestehoje.com.br\/novoportal\/wp-json\/wp\/v2\/tags?post=116532"}],"curies":[{"name":"wp","href":"https:\/\/api.w.org\/{rel}","templated":true}]}}