
{"id":116527,"date":"2024-04-23T20:55:40","date_gmt":"2024-04-23T23:55:40","guid":{"rendered":"https:\/\/www.sudoestehoje.com.br\/novoportal\/?p=116527"},"modified":"2024-04-24T10:37:59","modified_gmt":"2024-04-24T13:37:59","slug":"deputado-pedro-tavares-reforca-luta-para-melhoria-da-assistencia-ao-autismo","status":"publish","type":"post","link":"https:\/\/www.sudoestehoje.com.br\/novoportal\/2024\/04\/23\/deputado-pedro-tavares-reforca-luta-para-melhoria-da-assistencia-ao-autismo\/","title":{"rendered":"DEPUTADO PEDRO TAVARES REFOR\u00c7A LUTA PARA MELHORIA DA ASSIST\u00caNCIA AO AUTISMO"},"content":{"rendered":"<p><img loading=\"lazy\" decoding=\"async\" class=\"alignnone size-medium wp-image-116528\" src=\"https:\/\/www.sudoestehoje.com.br\/novoportal\/wp-content\/uploads\/2024\/04\/58819-901467-2023-08-15-17-10-08-600x338.jpg\" alt=\"\" width=\"600\" height=\"338\" srcset=\"https:\/\/www.sudoestehoje.com.br\/novoportal\/wp-content\/uploads\/2024\/04\/58819-901467-2023-08-15-17-10-08-600x338.jpg 600w, https:\/\/www.sudoestehoje.com.br\/novoportal\/wp-content\/uploads\/2024\/04\/58819-901467-2023-08-15-17-10-08-700x394.jpg 700w, https:\/\/www.sudoestehoje.com.br\/novoportal\/wp-content\/uploads\/2024\/04\/58819-901467-2023-08-15-17-10-08-768x432.jpg 768w, https:\/\/www.sudoestehoje.com.br\/novoportal\/wp-content\/uploads\/2024\/04\/58819-901467-2023-08-15-17-10-08.jpg 951w\" sizes=\"auto, (max-width: 600px) 100vw, 600px\" \/><\/p>\n<p><strong>Em meio \u00e0s programa\u00e7\u00f5es voltadas ao Dia Mundial de Conscientiza\u00e7\u00e3o sobre o Autismo, o deputado Pedro Tavares refor\u00e7a o apoio do seu mandato \u00e0 causa. O deputado destacou o projeto de lei, de sua autoria, que visa a obrigatoriedade da capacita\u00e7\u00e3o sobre o Transtorno do Espectro Autista (TEA) para professores e servidores das escolas da rede estadual. Tavares tamb\u00e9m apresentou na Assembleia Legislativa da Bahia, a proposta que cria a Semana Estadual de Conscientiza\u00e7\u00e3o do Autismo, no calend\u00e1rio baiano.<\/strong><\/p>\n<p><strong>O projeto referente a capacita\u00e7\u00e3o de professores e funcion\u00e1rios das escolas, prev\u00ea a realiza\u00e7\u00e3o de cursos gratuitos anualmente para que eles possam identificar sinais e caracter\u00edsticas precoces do TEA para encaminhamento aos profissionais competentes, com objetivo de diagn\u00f3stico e acesso \u00e0s terapias.<\/strong><\/p>\n<p><strong>\u201cAvaliamos que h\u00e1 uma necessidade da capacita\u00e7\u00e3o de professores e servidores, para que aprendam estrat\u00e9gias de promo\u00e7\u00e3o de participa\u00e7\u00e3o de alunos com TEA em atividades de grupo utilizando m\u00e9todos eficazes para sua inclus\u00e3o. Dentre as dificuldades encontradas para a inclus\u00e3o de crian\u00e7as com Transtorno do Espectro Autista (TEA) nas escolas est\u00e1 a falta de conhecimentos t\u00e9cnicos e instrumentos espec\u00edficos que ofere\u00e7am suporte \u00e0 pr\u00e1tica dos profissionais da educa\u00e7\u00e3o e \u00e0s escolas\u201d, justificou.<\/strong><\/p>\n<p><strong>O Transtorno do Espectro Autista (TEA) \u00e9 um dist\u00farbio do neurodesenvolvimento caracterizado por desenvolvimento at\u00edpico, manifesta\u00e7\u00f5es comportamentais, d\u00e9ficits na comunica\u00e7\u00e3o e na intera\u00e7\u00e3o social, padr\u00f5es de comportamentos repetitivos e estereotipados, podendo apresentar um repert\u00f3rio restrito de interesses e atividades.<\/strong><\/p>\n","protected":false},"excerpt":{"rendered":"<p>Em meio \u00e0s programa\u00e7\u00f5es voltadas ao Dia Mundial de Conscientiza\u00e7\u00e3o sobre o Autismo, o deputado Pedro Tavares refor\u00e7a o apoio do seu mandato \u00e0 causa. O deputado destacou o projeto de lei, de sua autoria, que visa a obrigatoriedade da capacita\u00e7\u00e3o sobre o Transtorno do Espectro Autista (TEA) para professores e servidores das escolas da [&hellip;]<\/p>\n","protected":false},"author":2,"featured_media":116528,"comment_status":"closed","ping_status":"open","sticky":false,"template":"","format":"standard","meta":{"footnotes":"","_links_to":"","_links_to_target":""},"categories":[1],"tags":[],"class_list":["post-116527","post","type-post","status-publish","format-standard","has-post-thumbnail","hentry","category-geral"],"views":567,"_links":{"self":[{"href":"https:\/\/www.sudoestehoje.com.br\/novoportal\/wp-json\/wp\/v2\/posts\/116527","targetHints":{"allow":["GET"]}}],"collection":[{"href":"https:\/\/www.sudoestehoje.com.br\/novoportal\/wp-json\/wp\/v2\/posts"}],"about":[{"href":"https:\/\/www.sudoestehoje.com.br\/novoportal\/wp-json\/wp\/v2\/types\/post"}],"author":[{"embeddable":true,"href":"https:\/\/www.sudoestehoje.com.br\/novoportal\/wp-json\/wp\/v2\/users\/2"}],"replies":[{"embeddable":true,"href":"https:\/\/www.sudoestehoje.com.br\/novoportal\/wp-json\/wp\/v2\/comments?post=116527"}],"version-history":[{"count":2,"href":"https:\/\/www.sudoestehoje.com.br\/novoportal\/wp-json\/wp\/v2\/posts\/116527\/revisions"}],"predecessor-version":[{"id":116554,"href":"https:\/\/www.sudoestehoje.com.br\/novoportal\/wp-json\/wp\/v2\/posts\/116527\/revisions\/116554"}],"wp:featuredmedia":[{"embeddable":true,"href":"https:\/\/www.sudoestehoje.com.br\/novoportal\/wp-json\/wp\/v2\/media\/116528"}],"wp:attachment":[{"href":"https:\/\/www.sudoestehoje.com.br\/novoportal\/wp-json\/wp\/v2\/media?parent=116527"}],"wp:term":[{"taxonomy":"category","embeddable":true,"href":"https:\/\/www.sudoestehoje.com.br\/novoportal\/wp-json\/wp\/v2\/categories?post=116527"},{"taxonomy":"post_tag","embeddable":true,"href":"https:\/\/www.sudoestehoje.com.br\/novoportal\/wp-json\/wp\/v2\/tags?post=116527"}],"curies":[{"name":"wp","href":"https:\/\/api.w.org\/{rel}","templated":true}]}}