
{"id":116509,"date":"2024-04-23T11:31:16","date_gmt":"2024-04-23T14:31:16","guid":{"rendered":"https:\/\/www.sudoestehoje.com.br\/novoportal\/?p=116509"},"modified":"2024-04-23T11:31:16","modified_gmt":"2024-04-23T14:31:16","slug":"quentinhas-eleicao-complicada-para-vereadores-dos-partidos-de-oposicao","status":"publish","type":"post","link":"https:\/\/www.sudoestehoje.com.br\/novoportal\/2024\/04\/23\/quentinhas-eleicao-complicada-para-vereadores-dos-partidos-de-oposicao\/","title":{"rendered":"QUENTINHAS | ELEI\u00c7\u00c3O COMPLICADA PARA VEREADORES DOS PARTIDOS DE OPOSI\u00c7\u00c3O"},"content":{"rendered":"<p><img loading=\"lazy\" decoding=\"async\" class=\"alignnone  wp-image-116389\" src=\"https:\/\/www.sudoestehoje.com.br\/novoportal\/wp-content\/uploads\/2024\/04\/b087fbc9-7971-44c9-b854-e0a5545b1623.jpg\" alt=\"\" width=\"536\" height=\"336\" \/><\/p>\n<p><strong><em>Por Davi Ferraz<\/em><\/strong><\/p>\n<p><strong>PSD E PT COM CHAPAS FRACAS E INCOMPLETAS<\/strong><\/p>\n<p><strong>Os partidos de oposi\u00e7\u00e3o em Itapetinga ter\u00e3o s\u00e9rias dificuldades para reeleger alguns dos seus vereadores, nestas elei\u00e7\u00f5es, por falta de pequenos candidatos para garantir o &#8216;quociente eleitoral&#8217;, n\u00famero m\u00ednimo de votos por legenda ou federa\u00e7\u00e3o, para elei\u00e7\u00e3o de cada vereador. Para estas elei\u00e7\u00f5es, estima-se um quociente em torno de 2.500 a 3.000 votos por vereador, n\u00famero que dificilmente ser\u00e1 alcan\u00e7ado por algumas dessas legendas, para reeleger alguns figur\u00f5es.<\/strong><\/p>\n<p><strong>ESTIMATIVA PARA PSD<\/strong><\/p>\n<p><strong>Dentro desses par\u00e2metros estabelecidos pela legisla\u00e7\u00e3o eleitoral, o PSD de Cida Moura deve eleger apenas dois vereadores, por falta de candidatos &#8216;Maizena&#8217;, para engrossar o caldo. Entre Tiquinho, Valdeir, Sidnei e Diga Diga, devem sobrar dois, talvez tr\u00eas, se a filha de Cida Moura, Amanda Moura, entrar na disputa. Por enquanto, a fam\u00edlia Moura faz um jogo de esconde-esconde, mas as possibilidades s\u00e3o grandes.<\/strong><\/p>\n<p><strong>PT COM MEIA FEDERA\u00c7\u00c3O S\u00d3 FAZ UM<\/strong><\/p>\n<p><strong>Esvaziado, o PT de Itapetinga, juntamente com o PCdoB, s\u00f3 deve conquistar uma cadeira na c\u00e2mara de vereadores. Ana B\u00e1rbara Matos tem alta cota\u00e7\u00e3o, mas o esfor\u00e7o pessoal do deputado Rosemberg pode fazer a diferen\u00e7a em favor da vereadora Sibele Nery, de sua prefer\u00eancia. Acordo com Jo\u00e3o de Deus, favorece Sibele. PCdoB, n\u00e3o faz ningu\u00e9m. PV t\u00e1 nas m\u00e3os de Tiquinho e marcha com Cida Moura, segundo o genro Lucas Costa, mas n\u00e3o deve lan\u00e7ar candidatos.<\/strong><\/p>\n<p><strong>PMN DE ALFREDO CABRAL \u00c9 UMA IC\u00d3GNITA\u00a0<\/strong><\/p>\n<p><strong>Depois da rasteira de Ottinho, filho do senador Otto Alencar, e o genro de Cida Moura, o precavido Alfredo Cabral &#8216;raspou o tacho&#8217;, deixando e PSD sem pai nem m\u00e3e. Alfredo desfiliou todos os pr\u00e9-candidatos do PSD e levou para o seu novo partido, o PMN, mas perdeu dois pr\u00e9-candidatos de peso: o Pastor Evandro e Valquir\u00e3o. Com essas perdas, n\u00e3o d\u00e1 para prever as possibilidades do PMN. Alfredo vai ter que fazer muitas contas&#8230;<\/strong><\/p>\n<p><strong>PODEMOS DE K\u00c1TIA ESPINHEIRA\u00a0<\/strong><\/p>\n<p><strong>Com a for\u00e7a do grupo do deputado Ant\u00f4nio Brito (PSD), o PODEMOS da ex vice-prefeita K\u00e1tia Espinheira fala em eleger dois vereadores. Um deles seria o jovem Daniel Oliveira, filho da ex-vereadora N\u00eddia Oliveira, que tem enorme potencial. O grupo ligado ao Hospital Cristo Redentor \u00e9 muito forte, mas vereadores de outras legendas tamb\u00e9m fazem parte da equipe de apoio a Brito e podem ser beneficiados com essa importante estrutura. Daniel t\u00e1 de bom tamanho, mas precisa ralar muito.<\/strong><\/p>\n<p><strong>At\u00e9 as conven\u00e7\u00f5es, tudo pode mudar&#8230;<\/strong><\/p>\n","protected":false},"excerpt":{"rendered":"<p>Por Davi Ferraz PSD E PT COM CHAPAS FRACAS E INCOMPLETAS Os partidos de oposi\u00e7\u00e3o em Itapetinga ter\u00e3o s\u00e9rias dificuldades para reeleger alguns dos seus vereadores, nestas elei\u00e7\u00f5es, por falta de pequenos candidatos para garantir o &#8216;quociente eleitoral&#8217;, n\u00famero m\u00ednimo de votos por legenda ou federa\u00e7\u00e3o, para elei\u00e7\u00e3o de cada vereador. Para estas elei\u00e7\u00f5es, estima-se [&hellip;]<\/p>\n","protected":false},"author":2,"featured_media":116389,"comment_status":"closed","ping_status":"open","sticky":false,"template":"","format":"standard","meta":{"footnotes":"","_links_to":"","_links_to_target":""},"categories":[1],"tags":[],"class_list":["post-116509","post","type-post","status-publish","format-standard","has-post-thumbnail","hentry","category-geral"],"views":1268,"_links":{"self":[{"href":"https:\/\/www.sudoestehoje.com.br\/novoportal\/wp-json\/wp\/v2\/posts\/116509","targetHints":{"allow":["GET"]}}],"collection":[{"href":"https:\/\/www.sudoestehoje.com.br\/novoportal\/wp-json\/wp\/v2\/posts"}],"about":[{"href":"https:\/\/www.sudoestehoje.com.br\/novoportal\/wp-json\/wp\/v2\/types\/post"}],"author":[{"embeddable":true,"href":"https:\/\/www.sudoestehoje.com.br\/novoportal\/wp-json\/wp\/v2\/users\/2"}],"replies":[{"embeddable":true,"href":"https:\/\/www.sudoestehoje.com.br\/novoportal\/wp-json\/wp\/v2\/comments?post=116509"}],"version-history":[{"count":3,"href":"https:\/\/www.sudoestehoje.com.br\/novoportal\/wp-json\/wp\/v2\/posts\/116509\/revisions"}],"predecessor-version":[{"id":116512,"href":"https:\/\/www.sudoestehoje.com.br\/novoportal\/wp-json\/wp\/v2\/posts\/116509\/revisions\/116512"}],"wp:featuredmedia":[{"embeddable":true,"href":"https:\/\/www.sudoestehoje.com.br\/novoportal\/wp-json\/wp\/v2\/media\/116389"}],"wp:attachment":[{"href":"https:\/\/www.sudoestehoje.com.br\/novoportal\/wp-json\/wp\/v2\/media?parent=116509"}],"wp:term":[{"taxonomy":"category","embeddable":true,"href":"https:\/\/www.sudoestehoje.com.br\/novoportal\/wp-json\/wp\/v2\/categories?post=116509"},{"taxonomy":"post_tag","embeddable":true,"href":"https:\/\/www.sudoestehoje.com.br\/novoportal\/wp-json\/wp\/v2\/tags?post=116509"}],"curies":[{"name":"wp","href":"https:\/\/api.w.org\/{rel}","templated":true}]}}