
{"id":116494,"date":"2024-04-22T20:13:18","date_gmt":"2024-04-22T23:13:18","guid":{"rendered":"https:\/\/www.sudoestehoje.com.br\/novoportal\/?p=116494"},"modified":"2024-04-22T20:18:40","modified_gmt":"2024-04-22T23:18:40","slug":"festival-de-inverno-bahia-anuncia-grade-posicionada-e-nova-faixa-etaria-para-acesso-ao-evento","status":"publish","type":"post","link":"https:\/\/www.sudoestehoje.com.br\/novoportal\/2024\/04\/22\/festival-de-inverno-bahia-anuncia-grade-posicionada-e-nova-faixa-etaria-para-acesso-ao-evento\/","title":{"rendered":"FESTIVAL DE INVERNO BAHIA ANUNCIA GRADE POSICIONADA E NOVA FAIXA ET\u00c1RIA PARA ACESSO AO EVENTO"},"content":{"rendered":"<div><\/div>\n<div><img loading=\"lazy\" decoding=\"async\" class=\"alignnone wp-image-116497\" src=\"https:\/\/www.sudoestehoje.com.br\/novoportal\/wp-content\/uploads\/2024\/04\/unnamed-600x354.jpg\" alt=\"\" width=\"551\" height=\"325\" srcset=\"https:\/\/www.sudoestehoje.com.br\/novoportal\/wp-content\/uploads\/2024\/04\/unnamed-600x354.jpg 600w, https:\/\/www.sudoestehoje.com.br\/novoportal\/wp-content\/uploads\/2024\/04\/unnamed-700x413.jpg 700w, https:\/\/www.sudoestehoje.com.br\/novoportal\/wp-content\/uploads\/2024\/04\/unnamed-768x453.jpg 768w, https:\/\/www.sudoestehoje.com.br\/novoportal\/wp-content\/uploads\/2024\/04\/unnamed-1536x905.jpg 1536w, https:\/\/www.sudoestehoje.com.br\/novoportal\/wp-content\/uploads\/2024\/04\/unnamed.jpg 1600w\" sizes=\"auto, (max-width: 551px) 100vw, 551px\" \/><\/div>\n<div>\n<p><strong>O p\u00fablico que deseja saber a ordem das atra\u00e7\u00f5es j\u00e1 confirmadas para o Festival de Inverno Bahia (FIB) j\u00e1 pode conferir nos canais oficiais do evento. A equipe organizadora do evento fez o an\u00fancio nesta segunda (22). Al\u00e9m disso, foi anunciada a nova classifica\u00e7\u00e3o et\u00e1ria do evento.<\/strong><\/p>\n<p><strong>Na edi\u00e7\u00e3o deste ano, ser\u00e1 permitida a entrada e perman\u00eancia de adolescentes a partir de 14 anos desacompanhados dos pais ou respons\u00e1veis legais, sendo que aqueles com idade inferior a 14 anos poder\u00e3o estar no festival com os pais ou respons\u00e1veis legais (comprovando tal condi\u00e7\u00e3o por meio de documento legal) ou de um adulto com autoriza\u00e7\u00e3o expressa dos pais ou respons\u00e1vel legal, com assinatura reconhecida em cart\u00f3rio.<\/strong><\/p>\n<p><strong>Grade<\/strong><\/p>\n<\/div>\n<div>\n<p><strong>Na sexta-feira (23), o grupo que surgiu no in\u00edcio dos anos 90 e se tornou um dos mais populares e influentes do pagode nacional, S\u00f3 Pra Contrariar, retorna com Alexandre Pires ap\u00f3s 10 anos para o \u201cSPC Ac\u00fastico &#8211; O \u00daltimo Encontro\u201d. J\u00e1 no s\u00e1bado, dia 24, o pagode do Menos \u00e9 Mais promete um repert\u00f3rio cheio de anima\u00e7\u00e3o, junto com o ax\u00e9 e samba-reggae dos Filhos de Jorge. Como o festival celebra a diversidade de ritmos, o pop rock de Samuel Rosa tamb\u00e9m est\u00e1 escalado para animar e emocionar o p\u00fablico na segunda noite do evento.<\/strong><\/p>\n<p><strong>No \u00faltimo dia do FIB, quem chega ao palco principal \u00e9 a artista mais ouvida de 2023 no Spotify, a boiadeira Ana Castela. Quem tamb\u00e9m subir\u00e1 ao palco no domingo (25) \u00e9 o cantor J\u00e3o, que trar\u00e1 sua \u201cSUPERTOUR\u201d pelo Brasil, prometendo levar o p\u00fablico do FIB a uma atmosfera m\u00e1gica com uma performance aut\u00eantica e emocionante.<\/strong><\/p>\n<p><strong>Esquenta FIB<\/strong><\/p>\n<p><strong>Pelo terceiro ano consecutivo, o festival seguir\u00e1 cumprindo seu esp\u00edrito solid\u00e1rio e far\u00e1 o Esquenta FIB na \u00e1rea de eventos do Parque Teopompo de Almeida. O evento est\u00e1 previsto para o dia 25 de maio e a entrada ser\u00e1 mediante a troca de alimentos n\u00e3o perec\u00edveis que ser\u00e3o destinados a fam\u00edlias em situa\u00e7\u00e3o de vulnerabilidade social. Durante o esquenta, novas atra\u00e7\u00f5es do #FIB24 ser\u00e3o anunciadas.<\/strong><\/p>\n<p><strong>A produ\u00e7\u00e3o do Festival de Inverno Bahia \u00e9 assinada pela Bahia Eventos, empresa de entretenimento da Rede Bahia, em parceria com a TV Sudoeste.<\/strong><\/p>\n<\/div>\n","protected":false},"excerpt":{"rendered":"<p>O p\u00fablico que deseja saber a ordem das atra\u00e7\u00f5es j\u00e1 confirmadas para o Festival de Inverno Bahia (FIB) j\u00e1 pode conferir nos canais oficiais do evento. A equipe organizadora do evento fez o an\u00fancio nesta segunda (22). Al\u00e9m disso, foi anunciada a nova classifica\u00e7\u00e3o et\u00e1ria do evento. Na edi\u00e7\u00e3o deste ano, ser\u00e1 permitida a entrada [&hellip;]<\/p>\n","protected":false},"author":2,"featured_media":116497,"comment_status":"closed","ping_status":"open","sticky":false,"template":"","format":"standard","meta":{"footnotes":"","_links_to":"","_links_to_target":""},"categories":[1],"tags":[],"class_list":["post-116494","post","type-post","status-publish","format-standard","has-post-thumbnail","hentry","category-geral"],"views":517,"_links":{"self":[{"href":"https:\/\/www.sudoestehoje.com.br\/novoportal\/wp-json\/wp\/v2\/posts\/116494","targetHints":{"allow":["GET"]}}],"collection":[{"href":"https:\/\/www.sudoestehoje.com.br\/novoportal\/wp-json\/wp\/v2\/posts"}],"about":[{"href":"https:\/\/www.sudoestehoje.com.br\/novoportal\/wp-json\/wp\/v2\/types\/post"}],"author":[{"embeddable":true,"href":"https:\/\/www.sudoestehoje.com.br\/novoportal\/wp-json\/wp\/v2\/users\/2"}],"replies":[{"embeddable":true,"href":"https:\/\/www.sudoestehoje.com.br\/novoportal\/wp-json\/wp\/v2\/comments?post=116494"}],"version-history":[{"count":5,"href":"https:\/\/www.sudoestehoje.com.br\/novoportal\/wp-json\/wp\/v2\/posts\/116494\/revisions"}],"predecessor-version":[{"id":116500,"href":"https:\/\/www.sudoestehoje.com.br\/novoportal\/wp-json\/wp\/v2\/posts\/116494\/revisions\/116500"}],"wp:featuredmedia":[{"embeddable":true,"href":"https:\/\/www.sudoestehoje.com.br\/novoportal\/wp-json\/wp\/v2\/media\/116497"}],"wp:attachment":[{"href":"https:\/\/www.sudoestehoje.com.br\/novoportal\/wp-json\/wp\/v2\/media?parent=116494"}],"wp:term":[{"taxonomy":"category","embeddable":true,"href":"https:\/\/www.sudoestehoje.com.br\/novoportal\/wp-json\/wp\/v2\/categories?post=116494"},{"taxonomy":"post_tag","embeddable":true,"href":"https:\/\/www.sudoestehoje.com.br\/novoportal\/wp-json\/wp\/v2\/tags?post=116494"}],"curies":[{"name":"wp","href":"https:\/\/api.w.org\/{rel}","templated":true}]}}