
{"id":116489,"date":"2024-04-22T19:14:14","date_gmt":"2024-04-22T22:14:14","guid":{"rendered":"https:\/\/www.sudoestehoje.com.br\/novoportal\/?p=116489"},"modified":"2024-04-22T19:14:14","modified_gmt":"2024-04-22T22:14:14","slug":"sudoeste-hoje-renova-parceria-para-cobrir-o-festival-de-inverno-bahia-2024","status":"publish","type":"post","link":"https:\/\/www.sudoestehoje.com.br\/novoportal\/2024\/04\/22\/sudoeste-hoje-renova-parceria-para-cobrir-o-festival-de-inverno-bahia-2024\/","title":{"rendered":"SUDOESTE HOJE RENOVA PARCERIA PARA COBRIR O FESTIVAL DE INVERNO BAHIA &#8211; 2024"},"content":{"rendered":"<p><img loading=\"lazy\" decoding=\"async\" class=\"alignnone  wp-image-116491\" src=\"https:\/\/www.sudoestehoje.com.br\/novoportal\/wp-content\/uploads\/2024\/04\/13cc6a32-34fd-4716-8c12-7bdbe81274ae-600x394.jpg\" alt=\"\" width=\"551\" height=\"362\" srcset=\"https:\/\/www.sudoestehoje.com.br\/novoportal\/wp-content\/uploads\/2024\/04\/13cc6a32-34fd-4716-8c12-7bdbe81274ae-600x394.jpg 600w, https:\/\/www.sudoestehoje.com.br\/novoportal\/wp-content\/uploads\/2024\/04\/13cc6a32-34fd-4716-8c12-7bdbe81274ae-700x459.jpg 700w, https:\/\/www.sudoestehoje.com.br\/novoportal\/wp-content\/uploads\/2024\/04\/13cc6a32-34fd-4716-8c12-7bdbe81274ae-768x504.jpg 768w, https:\/\/www.sudoestehoje.com.br\/novoportal\/wp-content\/uploads\/2024\/04\/13cc6a32-34fd-4716-8c12-7bdbe81274ae.jpg 1079w\" sizes=\"auto, (max-width: 551px) 100vw, 551px\" \/><\/p>\n<p><strong>Site refer\u00eancia de Itapetinga e regi\u00e3o, o Sudoeste Hoje renovou a parceria para cobertura do Festival de Inverno Bahia, a ser realizado no m\u00eas de agosto, na cidade de Vit\u00f3ria da Conquista, pela Rede Bahia, afiliada da Rede Globo.<\/strong><\/p>\n<p><strong>Com a confirma\u00e7\u00e3o da parceria, o Sudoeste Hoje se junta ao que h\u00e1 de melhor na m\u00eddia regional e estadual, pelo segundo ano consecutivo.<\/strong><\/p>\n<p><strong>Durante a cobertura, a site ter\u00e1 acesso aos camarins dos artistas, camarotes, sala de imprensa e demais depend\u00eancias do FIB.<\/strong><\/p>\n<p><strong>Reda\u00e7\u00e3o SH<\/strong><\/p>\n","protected":false},"excerpt":{"rendered":"<p>Site refer\u00eancia de Itapetinga e regi\u00e3o, o Sudoeste Hoje renovou a parceria para cobertura do Festival de Inverno Bahia, a ser realizado no m\u00eas de agosto, na cidade de Vit\u00f3ria da Conquista, pela Rede Bahia, afiliada da Rede Globo. Com a confirma\u00e7\u00e3o da parceria, o Sudoeste Hoje se junta ao que h\u00e1 de melhor na [&hellip;]<\/p>\n","protected":false},"author":2,"featured_media":116491,"comment_status":"closed","ping_status":"open","sticky":false,"template":"","format":"standard","meta":{"footnotes":"","_links_to":"","_links_to_target":""},"categories":[1],"tags":[],"class_list":["post-116489","post","type-post","status-publish","format-standard","has-post-thumbnail","hentry","category-geral"],"views":1371,"_links":{"self":[{"href":"https:\/\/www.sudoestehoje.com.br\/novoportal\/wp-json\/wp\/v2\/posts\/116489","targetHints":{"allow":["GET"]}}],"collection":[{"href":"https:\/\/www.sudoestehoje.com.br\/novoportal\/wp-json\/wp\/v2\/posts"}],"about":[{"href":"https:\/\/www.sudoestehoje.com.br\/novoportal\/wp-json\/wp\/v2\/types\/post"}],"author":[{"embeddable":true,"href":"https:\/\/www.sudoestehoje.com.br\/novoportal\/wp-json\/wp\/v2\/users\/2"}],"replies":[{"embeddable":true,"href":"https:\/\/www.sudoestehoje.com.br\/novoportal\/wp-json\/wp\/v2\/comments?post=116489"}],"version-history":[{"count":3,"href":"https:\/\/www.sudoestehoje.com.br\/novoportal\/wp-json\/wp\/v2\/posts\/116489\/revisions"}],"predecessor-version":[{"id":116493,"href":"https:\/\/www.sudoestehoje.com.br\/novoportal\/wp-json\/wp\/v2\/posts\/116489\/revisions\/116493"}],"wp:featuredmedia":[{"embeddable":true,"href":"https:\/\/www.sudoestehoje.com.br\/novoportal\/wp-json\/wp\/v2\/media\/116491"}],"wp:attachment":[{"href":"https:\/\/www.sudoestehoje.com.br\/novoportal\/wp-json\/wp\/v2\/media?parent=116489"}],"wp:term":[{"taxonomy":"category","embeddable":true,"href":"https:\/\/www.sudoestehoje.com.br\/novoportal\/wp-json\/wp\/v2\/categories?post=116489"},{"taxonomy":"post_tag","embeddable":true,"href":"https:\/\/www.sudoestehoje.com.br\/novoportal\/wp-json\/wp\/v2\/tags?post=116489"}],"curies":[{"name":"wp","href":"https:\/\/api.w.org\/{rel}","templated":true}]}}