
{"id":116481,"date":"2024-04-21T15:29:59","date_gmt":"2024-04-21T18:29:59","guid":{"rendered":"https:\/\/www.sudoestehoje.com.br\/novoportal\/?p=116481"},"modified":"2024-04-21T15:29:59","modified_gmt":"2024-04-21T18:29:59","slug":"itapetinga-acidente-na-ba-263-deixa-dois-mortos-vitimas-eram-de-conquista","status":"publish","type":"post","link":"https:\/\/www.sudoestehoje.com.br\/novoportal\/2024\/04\/21\/itapetinga-acidente-na-ba-263-deixa-dois-mortos-vitimas-eram-de-conquista\/","title":{"rendered":"ITAPETINGA | ACIDENTE NA BA-263 DEIXA DOIS MORTOS; V\u00cdTIMAS ERAM DE CONQUISTA"},"content":{"rendered":"<p><img loading=\"lazy\" decoding=\"async\" class=\"alignnone  wp-image-116483\" src=\"https:\/\/www.sudoestehoje.com.br\/novoportal\/wp-content\/uploads\/2024\/04\/79308f4d-92d8-4cff-a7c7-096cd90402b2.jpg\" alt=\"\" width=\"551\" height=\"358\" \/><\/p>\n<p><strong>Um jovem de 25 anos, e um menino de apenas 4 anos, s\u00e3o as duas v\u00edtimas que perderam suas vidas em um tr\u00e1gico acidente na BA-263, ocorrido neste domingo (21). Eles eram de Vit\u00f3ria da Conquista.\u00a0A ocorr\u00eancia foi registrada no trecho entre Itamb\u00e9 e Itapetinga, pr\u00f3ximo \u00e0 Mata Escura. <\/strong><\/p>\n<p><strong>No momento do acidente, a chuva era intensa, levando o condutor do ve\u00edculo a perder o controle, resultando em uma queda em uma ribanceira seguida de capotamento.<\/strong><\/p>\n<p><strong>Infelizmente, Matheus e Bernardo n\u00e3o resistiram e faleceram no local. Os demais ocupantes do ve\u00edculo foram resgatados pelo SAMU 192 e levados em estado grave para o Hospital Geral de Vit\u00f3ria da Conquista. <\/strong><\/p>\n<p><strong>Os corpos de Matheus e Bernardo foram encaminhados ao Instituto M\u00e9dico Legal (IML) de Itapetinga. Neste momento de luto, manifestamos nossos sentimentos aos familiares e amigos das v\u00edtimas.<\/strong><\/p>\n","protected":false},"excerpt":{"rendered":"<p>Um jovem de 25 anos, e um menino de apenas 4 anos, s\u00e3o as duas v\u00edtimas que perderam suas vidas em um tr\u00e1gico acidente na BA-263, ocorrido neste domingo (21). Eles eram de Vit\u00f3ria da Conquista.\u00a0A ocorr\u00eancia foi registrada no trecho entre Itamb\u00e9 e Itapetinga, pr\u00f3ximo \u00e0 Mata Escura. No momento do acidente, a chuva [&hellip;]<\/p>\n","protected":false},"author":2,"featured_media":116483,"comment_status":"closed","ping_status":"open","sticky":false,"template":"","format":"standard","meta":{"footnotes":"","_links_to":"","_links_to_target":""},"categories":[1],"tags":[],"class_list":["post-116481","post","type-post","status-publish","format-standard","has-post-thumbnail","hentry","category-geral"],"views":2962,"_links":{"self":[{"href":"https:\/\/www.sudoestehoje.com.br\/novoportal\/wp-json\/wp\/v2\/posts\/116481","targetHints":{"allow":["GET"]}}],"collection":[{"href":"https:\/\/www.sudoestehoje.com.br\/novoportal\/wp-json\/wp\/v2\/posts"}],"about":[{"href":"https:\/\/www.sudoestehoje.com.br\/novoportal\/wp-json\/wp\/v2\/types\/post"}],"author":[{"embeddable":true,"href":"https:\/\/www.sudoestehoje.com.br\/novoportal\/wp-json\/wp\/v2\/users\/2"}],"replies":[{"embeddable":true,"href":"https:\/\/www.sudoestehoje.com.br\/novoportal\/wp-json\/wp\/v2\/comments?post=116481"}],"version-history":[{"count":2,"href":"https:\/\/www.sudoestehoje.com.br\/novoportal\/wp-json\/wp\/v2\/posts\/116481\/revisions"}],"predecessor-version":[{"id":116484,"href":"https:\/\/www.sudoestehoje.com.br\/novoportal\/wp-json\/wp\/v2\/posts\/116481\/revisions\/116484"}],"wp:featuredmedia":[{"embeddable":true,"href":"https:\/\/www.sudoestehoje.com.br\/novoportal\/wp-json\/wp\/v2\/media\/116483"}],"wp:attachment":[{"href":"https:\/\/www.sudoestehoje.com.br\/novoportal\/wp-json\/wp\/v2\/media?parent=116481"}],"wp:term":[{"taxonomy":"category","embeddable":true,"href":"https:\/\/www.sudoestehoje.com.br\/novoportal\/wp-json\/wp\/v2\/categories?post=116481"},{"taxonomy":"post_tag","embeddable":true,"href":"https:\/\/www.sudoestehoje.com.br\/novoportal\/wp-json\/wp\/v2\/tags?post=116481"}],"curies":[{"name":"wp","href":"https:\/\/api.w.org\/{rel}","templated":true}]}}