
{"id":116466,"date":"2024-04-20T21:55:49","date_gmt":"2024-04-21T00:55:49","guid":{"rendered":"https:\/\/www.sudoestehoje.com.br\/novoportal\/?p=116466"},"modified":"2024-04-20T21:58:26","modified_gmt":"2024-04-21T00:58:26","slug":"itapetinga-vai-estrear-no-profissional-disputando-a-serie-b-do-baiano-2024","status":"publish","type":"post","link":"https:\/\/www.sudoestehoje.com.br\/novoportal\/2024\/04\/20\/itapetinga-vai-estrear-no-profissional-disputando-a-serie-b-do-baiano-2024\/","title":{"rendered":"ITAPETINGA VAI ESTREAR NO FUTEBOL PROFISSIONAL DISPUTANDO A S\u00c9RIE B DO CAMPEONATO BAIANO 2024"},"content":{"rendered":"<p><img loading=\"lazy\" decoding=\"async\" class=\"alignnone wp-image-116467\" src=\"https:\/\/www.sudoestehoje.com.br\/novoportal\/wp-content\/uploads\/2024\/04\/IMAGEM_NOTICIA_9-3-600x315.webp\" alt=\"\" width=\"550\" height=\"289\" srcset=\"https:\/\/www.sudoestehoje.com.br\/novoportal\/wp-content\/uploads\/2024\/04\/IMAGEM_NOTICIA_9-3-600x315.webp 600w, https:\/\/www.sudoestehoje.com.br\/novoportal\/wp-content\/uploads\/2024\/04\/IMAGEM_NOTICIA_9-3-700x368.webp 700w, https:\/\/www.sudoestehoje.com.br\/novoportal\/wp-content\/uploads\/2024\/04\/IMAGEM_NOTICIA_9-3-768x403.webp 768w, https:\/\/www.sudoestehoje.com.br\/novoportal\/wp-content\/uploads\/2024\/04\/IMAGEM_NOTICIA_9-3.webp 1200w\" sizes=\"auto, (max-width: 550px) 100vw, 550px\" \/><\/p>\n<p><strong>O pontap\u00e9 inicial da S\u00e9rie B do Campeonato Baiano de 2024 foi dado na \u00faltima ter\u00e7a-feira (16) com a realiza\u00e7\u00e3o do Conselho T\u00e9cnico que reuniu os 10 clubes inscritos. De acordo com o site da Federa\u00e7\u00e3o Bahiana de Futebol (FBF), um dos participantes \u00e9 o Jacobinense, de Marcos Manass\u00e9s. No entanto, quem vai jogar a Segundona estadual no lugar do campe\u00e3o da competi\u00e7\u00e3o de 2022 \u00e9 na verdade o Itapetinga.<\/strong><\/p>\n<p><strong>De acordo com a assessoria de imprensa da FBF, a mudan\u00e7a de nome do Jacobinense para Itapetinga ainda est\u00e1 em processo burocr\u00e1tico. Neste momento, para a entidade o 10\u00ba participante \u00e9 o clube de nome do gent\u00edlico da cidade de Jacobina. No entanto, a restri\u00e7\u00e3o \u00e9 apenas nos documentos oficiais da competi\u00e7\u00e3o, mas n\u00e3o h\u00e1 nenhum impedimento do novo time jogar a competi\u00e7\u00e3o com suas cores pr\u00f3prias.<\/strong><\/p>\n<p><strong>Criado em 2018, o Atl\u00e9tico Itapetinguense come\u00e7ou atuando no futebol amador. Em 2022, o time foi vice-campe\u00e3o da Copa Intervale. Ainda de acordo com a assessoria da FBF, caso a fus\u00e3o com o Jacobinense seja conclu\u00edda, a equipe jogar\u00e1 a S\u00e9rie B do Baiano como Itapetinga.<\/strong><\/p>\n<p><strong>Al\u00e9m do Itapetinga, que no momento \u00e9 Jacobinense, a S\u00e9rie B do Baiano ser\u00e1 disputada por Colo-Colo, Feirense, Fluminense de Feira, Gal\u00edcia, Grapi\u00fana, Le\u00f4nico, Vit\u00f3ria da Conquista e os outros dois estreantes SSA FC e Porto. A competi\u00e7\u00e3o est\u00e1 marcada para come\u00e7ar no dia 9 de junho e a final\u00edssima deve acontecer no dia 11 de agosto. Os finalistas da competi\u00e7\u00e3o conquistam as duas vagas de acesso \u00e0 elite do futebol baiano de 2025.<\/strong><\/p>\n","protected":false},"excerpt":{"rendered":"<p>O pontap\u00e9 inicial da S\u00e9rie B do Campeonato Baiano de 2024 foi dado na \u00faltima ter\u00e7a-feira (16) com a realiza\u00e7\u00e3o do Conselho T\u00e9cnico que reuniu os 10 clubes inscritos. De acordo com o site da Federa\u00e7\u00e3o Bahiana de Futebol (FBF), um dos participantes \u00e9 o Jacobinense, de Marcos Manass\u00e9s. No entanto, quem vai jogar a [&hellip;]<\/p>\n","protected":false},"author":2,"featured_media":116467,"comment_status":"closed","ping_status":"open","sticky":false,"template":"","format":"standard","meta":{"footnotes":"","_links_to":"","_links_to_target":""},"categories":[1],"tags":[],"class_list":["post-116466","post","type-post","status-publish","format-standard","has-post-thumbnail","hentry","category-geral"],"views":1963,"_links":{"self":[{"href":"https:\/\/www.sudoestehoje.com.br\/novoportal\/wp-json\/wp\/v2\/posts\/116466","targetHints":{"allow":["GET"]}}],"collection":[{"href":"https:\/\/www.sudoestehoje.com.br\/novoportal\/wp-json\/wp\/v2\/posts"}],"about":[{"href":"https:\/\/www.sudoestehoje.com.br\/novoportal\/wp-json\/wp\/v2\/types\/post"}],"author":[{"embeddable":true,"href":"https:\/\/www.sudoestehoje.com.br\/novoportal\/wp-json\/wp\/v2\/users\/2"}],"replies":[{"embeddable":true,"href":"https:\/\/www.sudoestehoje.com.br\/novoportal\/wp-json\/wp\/v2\/comments?post=116466"}],"version-history":[{"count":6,"href":"https:\/\/www.sudoestehoje.com.br\/novoportal\/wp-json\/wp\/v2\/posts\/116466\/revisions"}],"predecessor-version":[{"id":116473,"href":"https:\/\/www.sudoestehoje.com.br\/novoportal\/wp-json\/wp\/v2\/posts\/116466\/revisions\/116473"}],"wp:featuredmedia":[{"embeddable":true,"href":"https:\/\/www.sudoestehoje.com.br\/novoportal\/wp-json\/wp\/v2\/media\/116467"}],"wp:attachment":[{"href":"https:\/\/www.sudoestehoje.com.br\/novoportal\/wp-json\/wp\/v2\/media?parent=116466"}],"wp:term":[{"taxonomy":"category","embeddable":true,"href":"https:\/\/www.sudoestehoje.com.br\/novoportal\/wp-json\/wp\/v2\/categories?post=116466"},{"taxonomy":"post_tag","embeddable":true,"href":"https:\/\/www.sudoestehoje.com.br\/novoportal\/wp-json\/wp\/v2\/tags?post=116466"}],"curies":[{"name":"wp","href":"https:\/\/api.w.org\/{rel}","templated":true}]}}