
{"id":116460,"date":"2024-04-20T19:37:12","date_gmt":"2024-04-20T22:37:12","guid":{"rendered":"https:\/\/www.sudoestehoje.com.br\/novoportal\/?p=116460"},"modified":"2024-04-20T20:26:05","modified_gmt":"2024-04-20T23:26:05","slug":"116460","status":"publish","type":"post","link":"https:\/\/www.sudoestehoje.com.br\/novoportal\/2024\/04\/20\/116460\/","title":{"rendered":"MORRE TIM\u00d3TEO BRITO, EX-PREFEITO DE TEIXEIRA DE FREITAS E DEPUTADO ESTADUAL"},"content":{"rendered":"<p><img loading=\"lazy\" decoding=\"async\" class=\"alignnone wp-image-116461\" src=\"https:\/\/www.sudoestehoje.com.br\/novoportal\/wp-content\/uploads\/2024\/04\/timoteo-600x400.webp\" alt=\"\" width=\"551\" height=\"367\" srcset=\"https:\/\/www.sudoestehoje.com.br\/novoportal\/wp-content\/uploads\/2024\/04\/timoteo-600x400.webp 600w, https:\/\/www.sudoestehoje.com.br\/novoportal\/wp-content\/uploads\/2024\/04\/timoteo-700x466.webp 700w, https:\/\/www.sudoestehoje.com.br\/novoportal\/wp-content\/uploads\/2024\/04\/timoteo-768x512.webp 768w, https:\/\/www.sudoestehoje.com.br\/novoportal\/wp-content\/uploads\/2024\/04\/timoteo.webp 800w\" sizes=\"auto, (max-width: 551px) 100vw, 551px\" \/><\/p>\n<p><strong>Morreu, neste s\u00e1bado (20), o ex-prefeito de\u00a0Teixeira de Freitas, no extremo sul da Bahia,\u00a0Tem\u00f3teo Brito, aos 86 anos. Tim\u00f3teo foi prefeito da cidade baiana por tr\u00eas mandatos (1985 a 1988, de 1993 a 1996 e de 2016 a 2020) e tamb\u00e9m tamb\u00e9m chegou a exercer o mandato de deputado estadual por duas vezes. O ex-prefeito deixa quatro filhos.<\/strong><\/p>\n<p><strong>Natural de Maiquinique, T\u00edm\u00f3teo viveu parte da sua juventude em Itapetinga, entre os anos 50 e 60, quando passou a residir em Teixeira de Freitas, onde <\/strong><strong>deixou um legado de compromisso com o desenvolvimento local e regional.<\/strong><\/p>\n<p><strong>O ex-prefeito enfrentava problemas de sa\u00fade e faleceu por volta das 10 horas, em Belo Horizonte (MG), onde se tratava de uma pneumonia infecciosa. O vel\u00f3rio est\u00e1 marcado para as 8h da manh\u00e3 deste domingo, no Jacarand\u00e1 Country Club.<\/strong><\/p>\n<p><strong>H\u00e1 dois dias, seu perfil oficial havia publicado sobre a morte de sua irm\u00e3 Ereni Brito, carinhosamente chamada de Nenza Brito, aos 92 anos.<\/strong><\/p>\n<p><strong>O Sudoeste Hoje lamenta profundamente a perda do amigo, estendendo o seu pesar aos familiares e amigos.<\/strong><\/p>\n<p><strong>Davi Ferraz &#8211; Editor<\/strong><\/p>\n","protected":false},"excerpt":{"rendered":"<p>Morreu, neste s\u00e1bado (20), o ex-prefeito de\u00a0Teixeira de Freitas, no extremo sul da Bahia,\u00a0Tem\u00f3teo Brito, aos 86 anos. Tim\u00f3teo foi prefeito da cidade baiana por tr\u00eas mandatos (1985 a 1988, de 1993 a 1996 e de 2016 a 2020) e tamb\u00e9m tamb\u00e9m chegou a exercer o mandato de deputado estadual por duas vezes. O ex-prefeito [&hellip;]<\/p>\n","protected":false},"author":2,"featured_media":116461,"comment_status":"closed","ping_status":"open","sticky":false,"template":"","format":"standard","meta":{"footnotes":"","_links_to":"","_links_to_target":""},"categories":[1],"tags":[],"class_list":["post-116460","post","type-post","status-publish","format-standard","has-post-thumbnail","hentry","category-geral"],"views":1791,"_links":{"self":[{"href":"https:\/\/www.sudoestehoje.com.br\/novoportal\/wp-json\/wp\/v2\/posts\/116460","targetHints":{"allow":["GET"]}}],"collection":[{"href":"https:\/\/www.sudoestehoje.com.br\/novoportal\/wp-json\/wp\/v2\/posts"}],"about":[{"href":"https:\/\/www.sudoestehoje.com.br\/novoportal\/wp-json\/wp\/v2\/types\/post"}],"author":[{"embeddable":true,"href":"https:\/\/www.sudoestehoje.com.br\/novoportal\/wp-json\/wp\/v2\/users\/2"}],"replies":[{"embeddable":true,"href":"https:\/\/www.sudoestehoje.com.br\/novoportal\/wp-json\/wp\/v2\/comments?post=116460"}],"version-history":[{"count":4,"href":"https:\/\/www.sudoestehoje.com.br\/novoportal\/wp-json\/wp\/v2\/posts\/116460\/revisions"}],"predecessor-version":[{"id":116465,"href":"https:\/\/www.sudoestehoje.com.br\/novoportal\/wp-json\/wp\/v2\/posts\/116460\/revisions\/116465"}],"wp:featuredmedia":[{"embeddable":true,"href":"https:\/\/www.sudoestehoje.com.br\/novoportal\/wp-json\/wp\/v2\/media\/116461"}],"wp:attachment":[{"href":"https:\/\/www.sudoestehoje.com.br\/novoportal\/wp-json\/wp\/v2\/media?parent=116460"}],"wp:term":[{"taxonomy":"category","embeddable":true,"href":"https:\/\/www.sudoestehoje.com.br\/novoportal\/wp-json\/wp\/v2\/categories?post=116460"},{"taxonomy":"post_tag","embeddable":true,"href":"https:\/\/www.sudoestehoje.com.br\/novoportal\/wp-json\/wp\/v2\/tags?post=116460"}],"curies":[{"name":"wp","href":"https:\/\/api.w.org\/{rel}","templated":true}]}}