
{"id":11645,"date":"2011-12-30T19:52:32","date_gmt":"2011-12-30T22:52:32","guid":{"rendered":"http:\/\/www.sudoestehoje.com.br\/novoportal\/?p=11645"},"modified":"2011-12-30T19:52:32","modified_gmt":"2011-12-30T22:52:32","slug":"filho-de-acm","status":"publish","type":"post","link":"https:\/\/www.sudoestehoje.com.br\/novoportal\/2011\/12\/30\/filho-de-acm\/","title":{"rendered":"FILHO DE ACM?"},"content":{"rendered":"<p style=\"text-align: center;\"><img decoding=\"async\" src=\"http:\/\/www.politicalivre.com.br\/wp-content\/uploads\/2011\/12\/Flecha-de-Lima2-200x300.jpg\" alt=\"\" \/><\/p>\n<p style=\"text-align: center;\"><em><strong>Luiz Ant\u00f4nio Flecha de Lima<\/strong><\/em><\/p>\n<p>Luiz Ant\u00f4nio Flecha de Lima, o Tota, filho da ex-embaixatriz L\u00facia Flecha de Lima, vai pleitear participa\u00e7\u00e3o na heran\u00e7a do ex-senador Ant\u00f4nio Carlos Magalh\u00e3es (ACM), morto em 2007. Em 2009, a Justi\u00e7a negou o pedido de confirma\u00e7\u00e3o da paternidade do ex-senador, formulado pela ex-embaixatriz. Al\u00e9m disso, a briga pelo esp\u00f3lio dos Magalh\u00e3es tem ainda um processo de reconhecimento de paternidade formulado por um suposto filho do ex-deputado Lu\u00eds Eduardo Magalh\u00e3es, morto em 1998. (Com informa\u00e7\u00f5es da revista Poder de Joyce Pascowitch\/ Thiago Ferreira)<\/p>\n<p><em><strong>Pol\u00edtica Livre<\/strong><\/em><\/p>\n","protected":false},"excerpt":{"rendered":"<p>Luiz Ant\u00f4nio Flecha de Lima Luiz Ant\u00f4nio Flecha de Lima, o Tota, filho da ex-embaixatriz L\u00facia Flecha de Lima, vai pleitear participa\u00e7\u00e3o na heran\u00e7a do ex-senador Ant\u00f4nio Carlos Magalh\u00e3es (ACM), morto em 2007. Em 2009, a Justi\u00e7a negou o pedido de confirma\u00e7\u00e3o da paternidade do ex-senador, formulado pela ex-embaixatriz. Al\u00e9m disso, a briga pelo esp\u00f3lio [&hellip;]<\/p>\n","protected":false},"author":2,"featured_media":0,"comment_status":"open","ping_status":"open","sticky":false,"template":"","format":"standard","meta":{"footnotes":"","_links_to":"","_links_to_target":""},"categories":[1],"tags":[],"class_list":["post-11645","post","type-post","status-publish","format-standard","hentry","category-geral"],"views":2032,"_links":{"self":[{"href":"https:\/\/www.sudoestehoje.com.br\/novoportal\/wp-json\/wp\/v2\/posts\/11645","targetHints":{"allow":["GET"]}}],"collection":[{"href":"https:\/\/www.sudoestehoje.com.br\/novoportal\/wp-json\/wp\/v2\/posts"}],"about":[{"href":"https:\/\/www.sudoestehoje.com.br\/novoportal\/wp-json\/wp\/v2\/types\/post"}],"author":[{"embeddable":true,"href":"https:\/\/www.sudoestehoje.com.br\/novoportal\/wp-json\/wp\/v2\/users\/2"}],"replies":[{"embeddable":true,"href":"https:\/\/www.sudoestehoje.com.br\/novoportal\/wp-json\/wp\/v2\/comments?post=11645"}],"version-history":[{"count":2,"href":"https:\/\/www.sudoestehoje.com.br\/novoportal\/wp-json\/wp\/v2\/posts\/11645\/revisions"}],"predecessor-version":[{"id":11647,"href":"https:\/\/www.sudoestehoje.com.br\/novoportal\/wp-json\/wp\/v2\/posts\/11645\/revisions\/11647"}],"wp:attachment":[{"href":"https:\/\/www.sudoestehoje.com.br\/novoportal\/wp-json\/wp\/v2\/media?parent=11645"}],"wp:term":[{"taxonomy":"category","embeddable":true,"href":"https:\/\/www.sudoestehoje.com.br\/novoportal\/wp-json\/wp\/v2\/categories?post=11645"},{"taxonomy":"post_tag","embeddable":true,"href":"https:\/\/www.sudoestehoje.com.br\/novoportal\/wp-json\/wp\/v2\/tags?post=11645"}],"curies":[{"name":"wp","href":"https:\/\/api.w.org\/{rel}","templated":true}]}}