
{"id":116434,"date":"2024-04-18T09:55:48","date_gmt":"2024-04-18T12:55:48","guid":{"rendered":"https:\/\/www.sudoestehoje.com.br\/novoportal\/?p=116434"},"modified":"2024-04-18T09:55:48","modified_gmt":"2024-04-18T12:55:48","slug":"itapetinga-pedagogo-carlos-eduardo-assume-coordenacao-do-nucleo-territorial-de-educacao-nte-08","status":"publish","type":"post","link":"https:\/\/www.sudoestehoje.com.br\/novoportal\/2024\/04\/18\/itapetinga-pedagogo-carlos-eduardo-assume-coordenacao-do-nucleo-territorial-de-educacao-nte-08\/","title":{"rendered":"ITAPETINGA | PEDAGOGO CARLOS EDUARDO ASSUME COORDENA\u00c7\u00c3O DO N\u00daCLEO TERRITORIAL DE EDUCA\u00c7\u00c3O &#8211; NTE 08"},"content":{"rendered":"<p><img loading=\"lazy\" decoding=\"async\" class=\"alignnone  wp-image-116437\" src=\"https:\/\/www.sudoestehoje.com.br\/novoportal\/wp-content\/uploads\/2024\/04\/e5f0244c-b246-4c10-b46c-82352027ce0e-600x511.jpg\" alt=\"\" width=\"551\" height=\"469\" srcset=\"https:\/\/www.sudoestehoje.com.br\/novoportal\/wp-content\/uploads\/2024\/04\/e5f0244c-b246-4c10-b46c-82352027ce0e-600x511.jpg 600w, https:\/\/www.sudoestehoje.com.br\/novoportal\/wp-content\/uploads\/2024\/04\/e5f0244c-b246-4c10-b46c-82352027ce0e-700x597.jpg 700w, https:\/\/www.sudoestehoje.com.br\/novoportal\/wp-content\/uploads\/2024\/04\/e5f0244c-b246-4c10-b46c-82352027ce0e-768x655.jpg 768w, https:\/\/www.sudoestehoje.com.br\/novoportal\/wp-content\/uploads\/2024\/04\/e5f0244c-b246-4c10-b46c-82352027ce0e.jpg 901w\" sizes=\"auto, (max-width: 551px) 100vw, 551px\" \/><\/p>\n<p><strong>Em substitui\u00e7\u00e3o ao professor Al\u00e9cio Chaves, a Secretaria Estadual de Educa\u00e7\u00e3o acaba de nomear o pedagogo e professor Carlos Eduardo Cruz Cardoso (Dudu), para ocupar o cargo de Coordenador do N\u00facleo Territorial de Educa\u00e7\u00e3o &#8211; NTE 08, sediado em Itapetinga.<\/strong><\/p>\n<p><strong>Com forma\u00e7\u00e3o acad\u00eamica em Pedagogia, Carlos Eduardo \u00e9 especialista em Pol\u00edtica do Planejamento Pedag\u00f3gico &#8211; Curr\u00edculo, Avalia\u00e7\u00e3o e Did\u00e1tica; Gest\u00e3o e Recursos Humanos.<\/strong><\/p>\n<p><strong>Egresso da 1\u00aa turma de Pedagogia da UESB\/Itapetinga, possui mais de 25 anos de atua\u00e7\u00e3o em educa\u00e7\u00e3o. J\u00e1 lecionou no Col\u00e9gio s\u00e3o Jos\u00e9, Jos\u00e9 Marcos Gusm\u00e3o, Gin\u00e1sio Agro Industrial, Manoel Novaes, dentre outros.<\/strong><\/p>\n<p><strong>Servidor p\u00fablico concursado do Estado da Bahia, Dudu est\u00e1 atualmente lotado no Col\u00e9gio Estadual Alfredo Dutra, mas j\u00e1 fez parte da coordena\u00e7\u00e3o pedag\u00f3gica da antiga Direc 06-Ilh\u00e9us e do NTE- 08.<\/strong><\/p>\n<p><strong>Na \u00e1rea administrativa j\u00e1 prestou assessoria para v\u00e1rias empresas da cidade e gerencia a CDL de Itapetinga h\u00e1 mais de 10 anos, conquistando junto com sua diretoria, o reconhecimento como uma das mais atuantes CDLs do norte e nordeste do pa\u00eds.<\/strong><\/p>\n<p><strong>O Sudoeste Hoje felicita o colega pela assun\u00e7\u00e3o ao disputado cargo, desejando um excelente desempenho das suas fun\u00e7\u00f5es, compat\u00edveis com a sua \u00f3tima forma\u00e7\u00e3o e experi\u00eancia profissional.<\/strong><\/p>\n<p><strong>Por Davi Ferraz<\/strong><\/p>\n","protected":false},"excerpt":{"rendered":"<p>Em substitui\u00e7\u00e3o ao professor Al\u00e9cio Chaves, a Secretaria Estadual de Educa\u00e7\u00e3o acaba de nomear o pedagogo e professor Carlos Eduardo Cruz Cardoso (Dudu), para ocupar o cargo de Coordenador do N\u00facleo Territorial de Educa\u00e7\u00e3o &#8211; NTE 08, sediado em Itapetinga. Com forma\u00e7\u00e3o acad\u00eamica em Pedagogia, Carlos Eduardo \u00e9 especialista em Pol\u00edtica do Planejamento Pedag\u00f3gico &#8211; [&hellip;]<\/p>\n","protected":false},"author":2,"featured_media":116437,"comment_status":"closed","ping_status":"open","sticky":false,"template":"","format":"standard","meta":{"footnotes":"","_links_to":"","_links_to_target":""},"categories":[1],"tags":[],"class_list":["post-116434","post","type-post","status-publish","format-standard","has-post-thumbnail","hentry","category-geral"],"views":1180,"_links":{"self":[{"href":"https:\/\/www.sudoestehoje.com.br\/novoportal\/wp-json\/wp\/v2\/posts\/116434","targetHints":{"allow":["GET"]}}],"collection":[{"href":"https:\/\/www.sudoestehoje.com.br\/novoportal\/wp-json\/wp\/v2\/posts"}],"about":[{"href":"https:\/\/www.sudoestehoje.com.br\/novoportal\/wp-json\/wp\/v2\/types\/post"}],"author":[{"embeddable":true,"href":"https:\/\/www.sudoestehoje.com.br\/novoportal\/wp-json\/wp\/v2\/users\/2"}],"replies":[{"embeddable":true,"href":"https:\/\/www.sudoestehoje.com.br\/novoportal\/wp-json\/wp\/v2\/comments?post=116434"}],"version-history":[{"count":4,"href":"https:\/\/www.sudoestehoje.com.br\/novoportal\/wp-json\/wp\/v2\/posts\/116434\/revisions"}],"predecessor-version":[{"id":116439,"href":"https:\/\/www.sudoestehoje.com.br\/novoportal\/wp-json\/wp\/v2\/posts\/116434\/revisions\/116439"}],"wp:featuredmedia":[{"embeddable":true,"href":"https:\/\/www.sudoestehoje.com.br\/novoportal\/wp-json\/wp\/v2\/media\/116437"}],"wp:attachment":[{"href":"https:\/\/www.sudoestehoje.com.br\/novoportal\/wp-json\/wp\/v2\/media?parent=116434"}],"wp:term":[{"taxonomy":"category","embeddable":true,"href":"https:\/\/www.sudoestehoje.com.br\/novoportal\/wp-json\/wp\/v2\/categories?post=116434"},{"taxonomy":"post_tag","embeddable":true,"href":"https:\/\/www.sudoestehoje.com.br\/novoportal\/wp-json\/wp\/v2\/tags?post=116434"}],"curies":[{"name":"wp","href":"https:\/\/api.w.org\/{rel}","templated":true}]}}