
{"id":116430,"date":"2024-04-17T11:07:48","date_gmt":"2024-04-17T14:07:48","guid":{"rendered":"https:\/\/www.sudoestehoje.com.br\/novoportal\/?p=116430"},"modified":"2024-04-17T11:08:44","modified_gmt":"2024-04-17T14:08:44","slug":"trabalhadores-passam-perrengue-para-cancelar-contribuicao-sindical-brasil-afora","status":"publish","type":"post","link":"https:\/\/www.sudoestehoje.com.br\/novoportal\/2024\/04\/17\/trabalhadores-passam-perrengue-para-cancelar-contribuicao-sindical-brasil-afora\/","title":{"rendered":"TRABALHADORES PASSAM PERRENGUE PARA CANCELAR CONTRIBUI\u00c7\u00c3O SINDICAL BRASIL AFORA"},"content":{"rendered":"<p><img loading=\"lazy\" decoding=\"async\" class=\"alignnone wp-image-116432\" src=\"https:\/\/www.sudoestehoje.com.br\/novoportal\/wp-content\/uploads\/2024\/04\/FILA-600x400.jpg\" alt=\"\" width=\"551\" height=\"367\" srcset=\"https:\/\/www.sudoestehoje.com.br\/novoportal\/wp-content\/uploads\/2024\/04\/FILA-600x400.jpg 600w, https:\/\/www.sudoestehoje.com.br\/novoportal\/wp-content\/uploads\/2024\/04\/FILA-700x467.jpg 700w, https:\/\/www.sudoestehoje.com.br\/novoportal\/wp-content\/uploads\/2024\/04\/FILA-768x512.jpg 768w, https:\/\/www.sudoestehoje.com.br\/novoportal\/wp-content\/uploads\/2024\/04\/FILA-1536x1024.jpg 1536w, https:\/\/www.sudoestehoje.com.br\/novoportal\/wp-content\/uploads\/2024\/04\/FILA-2048x1365.jpg 2048w\" sizes=\"auto, (max-width: 551px) 100vw, 551px\" \/><\/p>\n<p><strong>Desde que o Supremo Tribunal Federal (STF) julgou, no ano passado, como constitucional a cobran\u00e7a da chamada contribui\u00e7\u00e3o assistencial \u2014\u00a0que na pr\u00e1tica substitui o extinto imposto sindical \u2014\u00a0dos trabalhadores, sejam eles filiados ou n\u00e3o, h\u00e1 registros de perrengues aos quais aqueles que n\u00e3o desejam ter o valor descontado do sal\u00e1rio t\u00eam que passar, em v\u00e1rias partes do pa\u00eds.\u00a0<\/strong><\/p>\n<p><strong>Ocorre que, al\u00e9m de julgar como constitucional a cobran\u00e7a, o STF inverteu a l\u00f3gica estabelecida no texto da reforma trabalhista, aprovada em 2017. \u00c9 o que explica o advogado trabalhista Pedro Maciel.\u00a0<\/strong><\/p>\n<p><strong>&#8220;Antes da reforma trabalhista, o imposto sindical era obrigat\u00f3rio. A partir da reforma, a contribui\u00e7\u00e3o passou a ser volunt\u00e1ria. Com a decis\u00e3o do Supremo, os empregados que n\u00e3o quiserem [pagar] t\u00eam que dizer isso expressamente&#8221;, diz.\u00a0<\/strong><\/p>\n<p><strong>No jarg\u00e3o popular, hoje prevalece o &#8220;quem cala, consente&#8221;. At\u00e9 meados do ano passado, era o contr\u00e1rio. S\u00f3 pagava quem manifestava esse desejo. \/\/Fonte: <a href=\"https:\/\/brasil61.com\/n\/filas-para-cancelar-contribuicao-sindical-se-repetem-pelo-pais-bras2411513\" target=\"_blank\" rel=\"noopener\">Brasil 61<\/a><\/strong><\/p>\n","protected":false},"excerpt":{"rendered":"<p>Desde que o Supremo Tribunal Federal (STF) julgou, no ano passado, como constitucional a cobran\u00e7a da chamada contribui\u00e7\u00e3o assistencial \u2014\u00a0que na pr\u00e1tica substitui o extinto imposto sindical \u2014\u00a0dos trabalhadores, sejam eles filiados ou n\u00e3o, h\u00e1 registros de perrengues aos quais aqueles que n\u00e3o desejam ter o valor descontado do sal\u00e1rio t\u00eam que passar, em v\u00e1rias [&hellip;]<\/p>\n","protected":false},"author":2,"featured_media":116432,"comment_status":"closed","ping_status":"open","sticky":false,"template":"","format":"standard","meta":{"footnotes":"","_links_to":"","_links_to_target":""},"categories":[1],"tags":[],"class_list":["post-116430","post","type-post","status-publish","format-standard","has-post-thumbnail","hentry","category-geral"],"views":590,"_links":{"self":[{"href":"https:\/\/www.sudoestehoje.com.br\/novoportal\/wp-json\/wp\/v2\/posts\/116430","targetHints":{"allow":["GET"]}}],"collection":[{"href":"https:\/\/www.sudoestehoje.com.br\/novoportal\/wp-json\/wp\/v2\/posts"}],"about":[{"href":"https:\/\/www.sudoestehoje.com.br\/novoportal\/wp-json\/wp\/v2\/types\/post"}],"author":[{"embeddable":true,"href":"https:\/\/www.sudoestehoje.com.br\/novoportal\/wp-json\/wp\/v2\/users\/2"}],"replies":[{"embeddable":true,"href":"https:\/\/www.sudoestehoje.com.br\/novoportal\/wp-json\/wp\/v2\/comments?post=116430"}],"version-history":[{"count":2,"href":"https:\/\/www.sudoestehoje.com.br\/novoportal\/wp-json\/wp\/v2\/posts\/116430\/revisions"}],"predecessor-version":[{"id":116433,"href":"https:\/\/www.sudoestehoje.com.br\/novoportal\/wp-json\/wp\/v2\/posts\/116430\/revisions\/116433"}],"wp:featuredmedia":[{"embeddable":true,"href":"https:\/\/www.sudoestehoje.com.br\/novoportal\/wp-json\/wp\/v2\/media\/116432"}],"wp:attachment":[{"href":"https:\/\/www.sudoestehoje.com.br\/novoportal\/wp-json\/wp\/v2\/media?parent=116430"}],"wp:term":[{"taxonomy":"category","embeddable":true,"href":"https:\/\/www.sudoestehoje.com.br\/novoportal\/wp-json\/wp\/v2\/categories?post=116430"},{"taxonomy":"post_tag","embeddable":true,"href":"https:\/\/www.sudoestehoje.com.br\/novoportal\/wp-json\/wp\/v2\/tags?post=116430"}],"curies":[{"name":"wp","href":"https:\/\/api.w.org\/{rel}","templated":true}]}}