
{"id":116413,"date":"2024-04-17T09:39:22","date_gmt":"2024-04-17T12:39:22","guid":{"rendered":"https:\/\/www.sudoestehoje.com.br\/novoportal\/?p=116413"},"modified":"2024-04-17T09:39:22","modified_gmt":"2024-04-17T12:39:22","slug":"regiao-coopardo-participa-com-stand-e-palestras-na-agrofest-em-maiquinique","status":"publish","type":"post","link":"https:\/\/www.sudoestehoje.com.br\/novoportal\/2024\/04\/17\/regiao-coopardo-participa-com-stand-e-palestras-na-agrofest-em-maiquinique\/","title":{"rendered":"REGI\u00c3O | COOPARDO PARTICIPA COM STAND E PALESTRAS NA AGROFEST EM MAIQUINIQUE"},"content":{"rendered":"<p><img loading=\"lazy\" decoding=\"async\" class=\"alignnone  wp-image-116424\" src=\"https:\/\/www.sudoestehoje.com.br\/novoportal\/wp-content\/uploads\/2024\/04\/WhatsApp-Image-2024-04-16-at-23.27.35-1-600x338.jpeg\" alt=\"\" width=\"550\" height=\"310\" srcset=\"https:\/\/www.sudoestehoje.com.br\/novoportal\/wp-content\/uploads\/2024\/04\/WhatsApp-Image-2024-04-16-at-23.27.35-1-600x338.jpeg 600w, https:\/\/www.sudoestehoje.com.br\/novoportal\/wp-content\/uploads\/2024\/04\/WhatsApp-Image-2024-04-16-at-23.27.35-1-700x394.jpeg 700w, https:\/\/www.sudoestehoje.com.br\/novoportal\/wp-content\/uploads\/2024\/04\/WhatsApp-Image-2024-04-16-at-23.27.35-1-768x432.jpeg 768w, https:\/\/www.sudoestehoje.com.br\/novoportal\/wp-content\/uploads\/2024\/04\/WhatsApp-Image-2024-04-16-at-23.27.35-1-1536x864.jpeg 1536w, https:\/\/www.sudoestehoje.com.br\/novoportal\/wp-content\/uploads\/2024\/04\/WhatsApp-Image-2024-04-16-at-23.27.35-1.jpeg 1600w\" sizes=\"auto, (max-width: 550px) 100vw, 550px\" \/><\/p>\n<p><strong>Foi realizada nos dias 12, 13 e 14 de abril, na fazenda Estrela Dalva, no munic\u00edpio de Maiquinique, a 2\u00aa feira agropecu\u00e1ria da regi\u00e3o, a AgroFest. O evento contou com a participa\u00e7\u00e3o de agricultores, pecuaristas, expositores, ind\u00fastria, com\u00e9rcio e autoridades pol\u00edticas.\u00a0<\/strong><\/p>\n<p><strong>Durante o evento, a COOPARDO teve participa\u00e7\u00e3o ativa, atrav\u00e9s de stand montado na feira, com exposi\u00e7\u00e3o dos seus produtos, palestras e recep\u00e7\u00e3o de associados, autoridades e convidados.<\/strong><\/p>\n<p><strong>Na programa\u00e7\u00e3o da festa regional, teve concurso leiteiro, palestras, pega do garrote para a vaqueirama, prova de marcha dos equinos e com\u00e9rcio de gado.<\/strong><\/p>\n<p><strong>Tamb\u00e9m participaram v\u00e1rios parceiros, em destaque para Banco Nordeste, Banco do Brasil , Toyota, Honda, ProAgro, Laticinio Oriente, dentre outros.<\/strong><\/p>\n<p><img loading=\"lazy\" decoding=\"async\" class=\"alignnone  wp-image-116415\" src=\"https:\/\/www.sudoestehoje.com.br\/novoportal\/wp-content\/uploads\/2024\/04\/WhatsApp-Image-2024-04-16-at-23.25.33-600x450.jpeg\" alt=\"\" width=\"548\" height=\"411\" srcset=\"https:\/\/www.sudoestehoje.com.br\/novoportal\/wp-content\/uploads\/2024\/04\/WhatsApp-Image-2024-04-16-at-23.25.33-600x450.jpeg 600w, https:\/\/www.sudoestehoje.com.br\/novoportal\/wp-content\/uploads\/2024\/04\/WhatsApp-Image-2024-04-16-at-23.25.33-700x525.jpeg 700w, https:\/\/www.sudoestehoje.com.br\/novoportal\/wp-content\/uploads\/2024\/04\/WhatsApp-Image-2024-04-16-at-23.25.33-768x576.jpeg 768w, https:\/\/www.sudoestehoje.com.br\/novoportal\/wp-content\/uploads\/2024\/04\/WhatsApp-Image-2024-04-16-at-23.25.33.jpeg 1280w\" sizes=\"auto, (max-width: 548px) 100vw, 548px\" \/><\/p>\n<p><strong>Coopardo parabeniza o pecuarista e associado Charles Coelho e equipe, pela organiza\u00e7\u00e3o do evento, como tamb\u00e9m os cooperados que estiveram presentes em uma das maiores feiras da agropecu\u00e1ria regional, na sua 2\u00aa edi\u00e7\u00e3o.<\/strong><\/p>\n<p><strong>Ao comentar sobre o evento, o presidente da Coopardo, Alex Coelho, destacou que &#8220;em momentos dif\u00edceis \u00e9 de suma import\u00e2ncia a uni\u00e3o e coragem para vencermos os desafios. E nossa Cooperativa tem este foco&#8221;, finalizou.<\/strong><\/p>\n\n\t\t<style type=\"text\/css\">\n\t\t\t#gallery-1 {\n\t\t\t\tmargin: auto;\n\t\t\t}\n\t\t\t#gallery-1 .gallery-item {\n\t\t\t\tfloat: left;\n\t\t\t\tmargin-top: 10px;\n\t\t\t\ttext-align: center;\n\t\t\t\twidth: 33%;\n\t\t\t}\n\t\t\t#gallery-1 img {\n\t\t\t\tborder: 2px solid #cfcfcf;\n\t\t\t}\n\t\t\t#gallery-1 .gallery-caption {\n\t\t\t\tmargin-left: 0;\n\t\t\t}\n\t\t\t\/* see gallery_shortcode() in wp-includes\/media.php *\/\n\t\t<\/style>\n\t\t<div id='gallery-1' class='gallery galleryid-116413 gallery-columns-3 gallery-size-thumbnail'><dl class='gallery-item'>\n\t\t\t<dt class='gallery-icon portrait'>\n\t\t\t\t<a href='https:\/\/www.sudoestehoje.com.br\/novoportal\/2024\/04\/17\/regiao-coopardo-participa-com-stand-e-palestras-na-agrofest-em-maiquinique\/whatsapp-image-2024-04-16-at-23-27-35-2\/'><img loading=\"lazy\" decoding=\"async\" width=\"150\" height=\"150\" src=\"https:\/\/www.sudoestehoje.com.br\/novoportal\/wp-content\/uploads\/2024\/04\/WhatsApp-Image-2024-04-16-at-23.27.35-2-150x150.jpeg\" class=\"attachment-thumbnail size-thumbnail\" alt=\"\" \/><\/a>\n\t\t\t<\/dt><\/dl><dl class='gallery-item'>\n\t\t\t<dt class='gallery-icon portrait'>\n\t\t\t\t<a href='https:\/\/www.sudoestehoje.com.br\/novoportal\/2024\/04\/17\/regiao-coopardo-participa-com-stand-e-palestras-na-agrofest-em-maiquinique\/whatsapp-image-2024-04-16-at-23-26-45\/'><img loading=\"lazy\" decoding=\"async\" width=\"150\" height=\"150\" src=\"https:\/\/www.sudoestehoje.com.br\/novoportal\/wp-content\/uploads\/2024\/04\/WhatsApp-Image-2024-04-16-at-23.26.45-150x150.jpeg\" class=\"attachment-thumbnail size-thumbnail\" alt=\"\" \/><\/a>\n\t\t\t<\/dt><\/dl><dl class='gallery-item'>\n\t\t\t<dt class='gallery-icon landscape'>\n\t\t\t\t<a href='https:\/\/www.sudoestehoje.com.br\/novoportal\/2024\/04\/17\/regiao-coopardo-participa-com-stand-e-palestras-na-agrofest-em-maiquinique\/whatsapp-image-2024-04-16-at-23-26-44\/'><img loading=\"lazy\" decoding=\"async\" width=\"150\" height=\"150\" src=\"https:\/\/www.sudoestehoje.com.br\/novoportal\/wp-content\/uploads\/2024\/04\/WhatsApp-Image-2024-04-16-at-23.26.44-150x150.jpeg\" class=\"attachment-thumbnail size-thumbnail\" alt=\"\" \/><\/a>\n\t\t\t<\/dt><\/dl><br style=\"clear: both\" \/><dl class='gallery-item'>\n\t\t\t<dt class='gallery-icon landscape'>\n\t\t\t\t<a href='https:\/\/www.sudoestehoje.com.br\/novoportal\/2024\/04\/17\/regiao-coopardo-participa-com-stand-e-palestras-na-agrofest-em-maiquinique\/whatsapp-image-2024-04-16-at-23-26-44-1\/'><img loading=\"lazy\" decoding=\"async\" width=\"150\" height=\"150\" src=\"https:\/\/www.sudoestehoje.com.br\/novoportal\/wp-content\/uploads\/2024\/04\/WhatsApp-Image-2024-04-16-at-23.26.44-1-150x150.jpeg\" class=\"attachment-thumbnail size-thumbnail\" alt=\"\" \/><\/a>\n\t\t\t<\/dt><\/dl><dl class='gallery-item'>\n\t\t\t<dt class='gallery-icon landscape'>\n\t\t\t\t<a href='https:\/\/www.sudoestehoje.com.br\/novoportal\/2024\/04\/17\/regiao-coopardo-participa-com-stand-e-palestras-na-agrofest-em-maiquinique\/whatsapp-image-2024-04-16-at-23-26-43-2\/'><img loading=\"lazy\" decoding=\"async\" width=\"150\" height=\"150\" src=\"https:\/\/www.sudoestehoje.com.br\/novoportal\/wp-content\/uploads\/2024\/04\/WhatsApp-Image-2024-04-16-at-23.26.43-2-150x150.jpeg\" class=\"attachment-thumbnail size-thumbnail\" alt=\"\" \/><\/a>\n\t\t\t<\/dt><\/dl><dl class='gallery-item'>\n\t\t\t<dt class='gallery-icon landscape'>\n\t\t\t\t<a href='https:\/\/www.sudoestehoje.com.br\/novoportal\/2024\/04\/17\/regiao-coopardo-participa-com-stand-e-palestras-na-agrofest-em-maiquinique\/whatsapp-image-2024-04-16-at-23-26-41\/'><img loading=\"lazy\" decoding=\"async\" width=\"150\" height=\"150\" src=\"https:\/\/www.sudoestehoje.com.br\/novoportal\/wp-content\/uploads\/2024\/04\/WhatsApp-Image-2024-04-16-at-23.26.41-150x150.jpeg\" class=\"attachment-thumbnail size-thumbnail\" alt=\"\" \/><\/a>\n\t\t\t<\/dt><\/dl><br style=\"clear: both\" \/><dl class='gallery-item'>\n\t\t\t<dt class='gallery-icon landscape'>\n\t\t\t\t<a href='https:\/\/www.sudoestehoje.com.br\/novoportal\/2024\/04\/17\/regiao-coopardo-participa-com-stand-e-palestras-na-agrofest-em-maiquinique\/whatsapp-image-2024-04-16-at-23-26-41-1\/'><img loading=\"lazy\" decoding=\"async\" width=\"150\" height=\"150\" src=\"https:\/\/www.sudoestehoje.com.br\/novoportal\/wp-content\/uploads\/2024\/04\/WhatsApp-Image-2024-04-16-at-23.26.41-1-150x150.jpeg\" class=\"attachment-thumbnail size-thumbnail\" alt=\"\" \/><\/a>\n\t\t\t<\/dt><\/dl><dl class='gallery-item'>\n\t\t\t<dt class='gallery-icon landscape'>\n\t\t\t\t<a href='https:\/\/www.sudoestehoje.com.br\/novoportal\/2024\/04\/17\/regiao-coopardo-participa-com-stand-e-palestras-na-agrofest-em-maiquinique\/whatsapp-image-2024-04-16-at-23-26-43-1\/'><img loading=\"lazy\" decoding=\"async\" width=\"150\" height=\"150\" src=\"https:\/\/www.sudoestehoje.com.br\/novoportal\/wp-content\/uploads\/2024\/04\/WhatsApp-Image-2024-04-16-at-23.26.43-1-150x150.jpeg\" class=\"attachment-thumbnail size-thumbnail\" alt=\"\" \/><\/a>\n\t\t\t<\/dt><\/dl><dl class='gallery-item'>\n\t\t\t<dt class='gallery-icon portrait'>\n\t\t\t\t<a href='https:\/\/www.sudoestehoje.com.br\/novoportal\/2024\/04\/17\/regiao-coopardo-participa-com-stand-e-palestras-na-agrofest-em-maiquinique\/whatsapp-image-2024-04-16-at-23-25-22\/'><img loading=\"lazy\" decoding=\"async\" width=\"150\" height=\"150\" src=\"https:\/\/www.sudoestehoje.com.br\/novoportal\/wp-content\/uploads\/2024\/04\/WhatsApp-Image-2024-04-16-at-23.25.22-150x150.jpeg\" class=\"attachment-thumbnail size-thumbnail\" alt=\"\" \/><\/a>\n\t\t\t<\/dt><\/dl><br style=\"clear: both\" \/>\n\t\t<\/div>\n\n<p><strong>Reda\u00e7\u00e3o SH<\/strong><\/p>\n","protected":false},"excerpt":{"rendered":"<p>Foi realizada nos dias 12, 13 e 14 de abril, na fazenda Estrela Dalva, no munic\u00edpio de Maiquinique, a 2\u00aa feira agropecu\u00e1ria da regi\u00e3o, a AgroFest. O evento contou com a participa\u00e7\u00e3o de agricultores, pecuaristas, expositores, ind\u00fastria, com\u00e9rcio e autoridades pol\u00edticas.\u00a0 Durante o evento, a COOPARDO teve participa\u00e7\u00e3o ativa, atrav\u00e9s de stand montado na feira, [&hellip;]<\/p>\n","protected":false},"author":2,"featured_media":116424,"comment_status":"closed","ping_status":"open","sticky":false,"template":"","format":"standard","meta":{"footnotes":"","_links_to":"","_links_to_target":""},"categories":[1],"tags":[],"class_list":["post-116413","post","type-post","status-publish","format-standard","has-post-thumbnail","hentry","category-geral"],"views":709,"_links":{"self":[{"href":"https:\/\/www.sudoestehoje.com.br\/novoportal\/wp-json\/wp\/v2\/posts\/116413","targetHints":{"allow":["GET"]}}],"collection":[{"href":"https:\/\/www.sudoestehoje.com.br\/novoportal\/wp-json\/wp\/v2\/posts"}],"about":[{"href":"https:\/\/www.sudoestehoje.com.br\/novoportal\/wp-json\/wp\/v2\/types\/post"}],"author":[{"embeddable":true,"href":"https:\/\/www.sudoestehoje.com.br\/novoportal\/wp-json\/wp\/v2\/users\/2"}],"replies":[{"embeddable":true,"href":"https:\/\/www.sudoestehoje.com.br\/novoportal\/wp-json\/wp\/v2\/comments?post=116413"}],"version-history":[{"count":3,"href":"https:\/\/www.sudoestehoje.com.br\/novoportal\/wp-json\/wp\/v2\/posts\/116413\/revisions"}],"predecessor-version":[{"id":116429,"href":"https:\/\/www.sudoestehoje.com.br\/novoportal\/wp-json\/wp\/v2\/posts\/116413\/revisions\/116429"}],"wp:featuredmedia":[{"embeddable":true,"href":"https:\/\/www.sudoestehoje.com.br\/novoportal\/wp-json\/wp\/v2\/media\/116424"}],"wp:attachment":[{"href":"https:\/\/www.sudoestehoje.com.br\/novoportal\/wp-json\/wp\/v2\/media?parent=116413"}],"wp:term":[{"taxonomy":"category","embeddable":true,"href":"https:\/\/www.sudoestehoje.com.br\/novoportal\/wp-json\/wp\/v2\/categories?post=116413"},{"taxonomy":"post_tag","embeddable":true,"href":"https:\/\/www.sudoestehoje.com.br\/novoportal\/wp-json\/wp\/v2\/tags?post=116413"}],"curies":[{"name":"wp","href":"https:\/\/api.w.org\/{rel}","templated":true}]}}