
{"id":116407,"date":"2024-04-16T19:48:37","date_gmt":"2024-04-16T22:48:37","guid":{"rendered":"https:\/\/www.sudoestehoje.com.br\/novoportal\/?p=116407"},"modified":"2024-04-16T19:48:37","modified_gmt":"2024-04-16T22:48:37","slug":"deputado-do-psol-expulsa-integrante-do-mbl-da-camara-a-chutes-e-empurroes","status":"publish","type":"post","link":"https:\/\/www.sudoestehoje.com.br\/novoportal\/2024\/04\/16\/deputado-do-psol-expulsa-integrante-do-mbl-da-camara-a-chutes-e-empurroes\/","title":{"rendered":"DEPUTADO DO PSOL EXPULSA INTEGRANTE DO MBL DA C\u00c2MARA A CHUTES E EMPURR\u00d5ES"},"content":{"rendered":"<div id=\"chunk-2bfjh\">\n<div class=\"mc-column content-text active-extra-styles active-capital-letter\" data-block-type=\"unstyled\" data-block-weight=\"48\" data-block-id=\"1\">\n<p data-track-category=\"Link no Texto\" data-track-links=\"\" data-mrf-recirculation=\"Article links\"><img loading=\"lazy\" decoding=\"async\" class=\"alignnone  wp-image-116410\" src=\"https:\/\/www.sudoestehoje.com.br\/novoportal\/wp-content\/uploads\/2024\/04\/psol-600x331.webp\" alt=\"\" width=\"549\" height=\"303\" srcset=\"https:\/\/www.sudoestehoje.com.br\/novoportal\/wp-content\/uploads\/2024\/04\/psol-600x331.webp 600w, https:\/\/www.sudoestehoje.com.br\/novoportal\/wp-content\/uploads\/2024\/04\/psol-700x387.webp 700w, https:\/\/www.sudoestehoje.com.br\/novoportal\/wp-content\/uploads\/2024\/04\/psol-768x424.webp 768w, https:\/\/www.sudoestehoje.com.br\/novoportal\/wp-content\/uploads\/2024\/04\/psol.webp 1220w\" sizes=\"auto, (max-width: 549px) 100vw, 549px\" \/><\/p>\n<p class=\" content-text__container theme-color-primary-first-letter\" data-track-category=\"Link no Texto\" data-track-links=\"\" data-mrf-recirculation=\"Article links\"><strong>O deputado Glauber Braga (PSOL-RJ) discutiu e trocou empurr\u00f5es na C\u00e2mara com o deputado Kim Kataguiri (Uni\u00e3o-SP). Depois, ainda em decorr\u00eancia do tumulto, Braga expulsou da C\u00e2mara com empurr\u00f5es e um chute um integrante do Movimento Brasil Livre (MBL). Kim \u00e9 um dos fundadores do MBL.<\/strong><\/p>\n<\/div>\n<\/div>\n<div class=\"wall protected-content\">\n<div id=\"chunk-6fj6i\">\n<div class=\"mc-column content-text active-extra-styles \" data-block-type=\"unstyled\" data-block-weight=\"19\" data-block-id=\"3\">\n<p class=\" content-text__container \" data-track-category=\"Link no Texto\" data-track-links=\"\" data-mrf-recirculation=\"Article links\"><strong>As agress\u00f5es ocorreram no fim do corredor das comiss\u00f5es da C\u00e2mara, local com intensa movimenta\u00e7\u00e3o de pol\u00edticos e assessores.<\/strong><\/p>\n<div id=\"chunk-efd2g\">\n<div class=\"mc-column content-text active-extra-styles \" data-block-type=\"unstyled\" data-block-weight=\"37\" data-block-id=\"6\">\n<p class=\" content-text__container \" data-track-category=\"Link no Texto\" data-track-links=\"\" data-mrf-recirculation=\"Article links\"><strong>Na parte gravada, \u00e9 poss\u00edvel ouvir Glauber chamando Kim de \u201cdefensor do nazismo\u201d. E Kim pede para Glauber repetir a frase, dando a entender que usaria a grava\u00e7\u00e3o em um futuro processo. \u201cRepete, isso\u201d, pedia Kim.<\/strong><\/p>\n<\/div>\n<\/div>\n<div id=\"chunk-39r04\">\n<div class=\"content-ads content-ads--reveal\" data-block-type=\"ads\" data-block-id=\"7\">\n<div id=\"banner_materia2\" class=\"tag-manager-publicidade-container mc-has-reveal mc-has-ad-lazyload tag-manager-publicidade-banner_materia2 tag-manager-publicidade-container--carregado tag-manager-publicidade-container--visivel\" data-id=\"banner_materia2\" data-google-query-id=\"CI6ViaK8x4UDFaVQuAQdUE4JXg\">\n<article>\n<div class=\"wall protected-content\">\n<div id=\"chunk-44qnf\">\n<div class=\"mc-column content-text active-extra-styles \" data-block-type=\"unstyled\" data-block-weight=\"19\" data-block-id=\"8\">\n<p class=\" content-text__container \" data-track-category=\"Link no Texto\" data-track-links=\"\" data-mrf-recirculation=\"Article links\"><strong>Em seguida, Glauber reclama da presen\u00e7a do outro integrante do MBL, um ativista de direita chamado Gabriel Costenaro.<\/strong><\/p>\n<\/div>\n<\/div>\n<div id=\"chunk-8q261\">\n<div class=\"mc-column content-text active-extra-styles \" data-block-type=\"unstyled\" data-block-weight=\"12\" data-block-id=\"9\">\n<blockquote>\n<p class=\" content-text__container \" data-track-category=\"Link no Texto\" data-track-links=\"\" data-mrf-recirculation=\"Article links\"><strong>\u201cToda vez que encontrar marginais do MBL, vierem querer intimidar\u2026\u201d, disse Glauber.<\/strong><\/p>\n<\/blockquote>\n<\/div>\n<\/div>\n<div id=\"chunk-4o91t\">\n<div class=\"mc-column content-text active-extra-styles \" data-block-type=\"unstyled\" data-block-weight=\"2\" data-block-id=\"10\">\n<p class=\" content-text__container \" data-track-category=\"Link no Texto\" data-track-links=\"\" data-mrf-recirculation=\"Article links\"><strong>Kim interrompeu:<\/strong><\/p>\n<\/div>\n<\/div>\n<div id=\"chunk-bqcg7\">\n<div class=\"mc-column content-text active-extra-styles \" data-block-type=\"unstyled\" data-block-weight=\"5\" data-block-id=\"11\">\n<blockquote>\n<p class=\" content-text__container \" data-track-category=\"Link no Texto\" data-track-links=\"\" data-mrf-recirculation=\"Article links\"><strong>\u201cMentiroso. Ningu\u00e9m est\u00e1 te intimidando.\u201d<\/strong><\/p>\n<\/blockquote>\n<\/div>\n<\/div>\n<div data-track-category=\"multicontent\" data-track-action=\"ultimo chunk conteudo\" data-track-noninteraction=\"false\" data-track-scroll=\"view\">\n<div id=\"chunk-822b0\">\n<div class=\"mc-column content-text active-extra-styles \" data-block-type=\"unstyled\" data-block-weight=\"31\" data-block-id=\"12\">\n<p class=\" content-text__container \" data-track-category=\"Link no Texto\" data-track-links=\"\" data-mrf-recirculation=\"Article links\"><strong>Glauber se irritou com o fato de Kim ter erguido a m\u00e3o e come\u00e7ou a repetir: \u201cBaixa a m\u00e3ozinha, baixa a m\u00e3ozinha\u201d. Nesse momento, os dois deputados trocaram empurr\u00f5es.<\/strong><\/p>\n<\/div>\n<\/div>\n<\/div>\n<\/div>\n<\/article>\n<\/div>\n<\/div>\n<\/div>\n<\/div>\n<\/div>\n<\/div>\n","protected":false},"excerpt":{"rendered":"<p>O deputado Glauber Braga (PSOL-RJ) discutiu e trocou empurr\u00f5es na C\u00e2mara com o deputado Kim Kataguiri (Uni\u00e3o-SP). Depois, ainda em decorr\u00eancia do tumulto, Braga expulsou da C\u00e2mara com empurr\u00f5es e um chute um integrante do Movimento Brasil Livre (MBL). Kim \u00e9 um dos fundadores do MBL. As agress\u00f5es ocorreram no fim do corredor das comiss\u00f5es [&hellip;]<\/p>\n","protected":false},"author":2,"featured_media":116410,"comment_status":"closed","ping_status":"open","sticky":false,"template":"","format":"standard","meta":{"footnotes":"","_links_to":"","_links_to_target":""},"categories":[1],"tags":[],"class_list":["post-116407","post","type-post","status-publish","format-standard","has-post-thumbnail","hentry","category-geral"],"views":1034,"_links":{"self":[{"href":"https:\/\/www.sudoestehoje.com.br\/novoportal\/wp-json\/wp\/v2\/posts\/116407","targetHints":{"allow":["GET"]}}],"collection":[{"href":"https:\/\/www.sudoestehoje.com.br\/novoportal\/wp-json\/wp\/v2\/posts"}],"about":[{"href":"https:\/\/www.sudoestehoje.com.br\/novoportal\/wp-json\/wp\/v2\/types\/post"}],"author":[{"embeddable":true,"href":"https:\/\/www.sudoestehoje.com.br\/novoportal\/wp-json\/wp\/v2\/users\/2"}],"replies":[{"embeddable":true,"href":"https:\/\/www.sudoestehoje.com.br\/novoportal\/wp-json\/wp\/v2\/comments?post=116407"}],"version-history":[{"count":3,"href":"https:\/\/www.sudoestehoje.com.br\/novoportal\/wp-json\/wp\/v2\/posts\/116407\/revisions"}],"predecessor-version":[{"id":116411,"href":"https:\/\/www.sudoestehoje.com.br\/novoportal\/wp-json\/wp\/v2\/posts\/116407\/revisions\/116411"}],"wp:featuredmedia":[{"embeddable":true,"href":"https:\/\/www.sudoestehoje.com.br\/novoportal\/wp-json\/wp\/v2\/media\/116410"}],"wp:attachment":[{"href":"https:\/\/www.sudoestehoje.com.br\/novoportal\/wp-json\/wp\/v2\/media?parent=116407"}],"wp:term":[{"taxonomy":"category","embeddable":true,"href":"https:\/\/www.sudoestehoje.com.br\/novoportal\/wp-json\/wp\/v2\/categories?post=116407"},{"taxonomy":"post_tag","embeddable":true,"href":"https:\/\/www.sudoestehoje.com.br\/novoportal\/wp-json\/wp\/v2\/tags?post=116407"}],"curies":[{"name":"wp","href":"https:\/\/api.w.org\/{rel}","templated":true}]}}