
{"id":116384,"date":"2024-04-15T10:13:49","date_gmt":"2024-04-15T13:13:49","guid":{"rendered":"https:\/\/www.sudoestehoje.com.br\/novoportal\/?p=116384"},"modified":"2024-04-15T10:13:49","modified_gmt":"2024-04-15T13:13:49","slug":"tempo-abafado-com-expectativa-de-chuva-em-itapetinga-e-medio-sudoeste","status":"publish","type":"post","link":"https:\/\/www.sudoestehoje.com.br\/novoportal\/2024\/04\/15\/tempo-abafado-com-expectativa-de-chuva-em-itapetinga-e-medio-sudoeste\/","title":{"rendered":"TEMPO ABAFADO COM EXPECTATIVA DE CHUVA EM ITAPETINGA E M\u00c9DIO SUDOESTE"},"content":{"rendered":"<p><img loading=\"lazy\" decoding=\"async\" class=\"alignnone  wp-image-116386\" src=\"https:\/\/www.sudoestehoje.com.br\/novoportal\/wp-content\/uploads\/2024\/04\/dd1d87f3-c3f3-40ac-8b29-5c08e7ce6708-600x338.jpg\" alt=\"\" width=\"550\" height=\"310\" srcset=\"https:\/\/www.sudoestehoje.com.br\/novoportal\/wp-content\/uploads\/2024\/04\/dd1d87f3-c3f3-40ac-8b29-5c08e7ce6708-600x338.jpg 600w, https:\/\/www.sudoestehoje.com.br\/novoportal\/wp-content\/uploads\/2024\/04\/dd1d87f3-c3f3-40ac-8b29-5c08e7ce6708-700x394.jpg 700w, https:\/\/www.sudoestehoje.com.br\/novoportal\/wp-content\/uploads\/2024\/04\/dd1d87f3-c3f3-40ac-8b29-5c08e7ce6708-768x432.jpg 768w, https:\/\/www.sudoestehoje.com.br\/novoportal\/wp-content\/uploads\/2024\/04\/dd1d87f3-c3f3-40ac-8b29-5c08e7ce6708-1536x865.jpg 1536w, https:\/\/www.sudoestehoje.com.br\/novoportal\/wp-content\/uploads\/2024\/04\/dd1d87f3-c3f3-40ac-8b29-5c08e7ce6708.jpg 1600w\" sizes=\"auto, (max-width: 550px) 100vw, 550px\" \/><\/p>\n<p><strong>Com o tempo abafado e alta umidade atmosf\u00e9rica, Itapetinga e regi\u00e3o vivem expectativa de chuvas volumosas, ainda neste m\u00eas de abril, apesar das previs\u00f5es indicarem precipita\u00e7\u00f5es leves para esta segunda e ter\u00e7a-feira (15 &#8211; 16).<\/strong><\/p>\n<p><strong>Para hoje, h\u00e1 possibilidade de chuva durante a tarde e \u00e0 noite, segundo a meteorologia.<\/strong><\/p>\n<p><strong>T\u00e1 precisando!<\/strong><\/p>\n<p><em><strong>Reda\u00e7\u00e3o SH\u00a0<\/strong><\/em><\/p>\n","protected":false},"excerpt":{"rendered":"<p>Com o tempo abafado e alta umidade atmosf\u00e9rica, Itapetinga e regi\u00e3o vivem expectativa de chuvas volumosas, ainda neste m\u00eas de abril, apesar das previs\u00f5es indicarem precipita\u00e7\u00f5es leves para esta segunda e ter\u00e7a-feira (15 &#8211; 16). Para hoje, h\u00e1 possibilidade de chuva durante a tarde e \u00e0 noite, segundo a meteorologia. T\u00e1 precisando! Reda\u00e7\u00e3o SH\u00a0<\/p>\n","protected":false},"author":2,"featured_media":116386,"comment_status":"closed","ping_status":"open","sticky":false,"template":"","format":"standard","meta":{"footnotes":"","_links_to":"","_links_to_target":""},"categories":[1],"tags":[],"class_list":["post-116384","post","type-post","status-publish","format-standard","has-post-thumbnail","hentry","category-geral"],"views":551,"_links":{"self":[{"href":"https:\/\/www.sudoestehoje.com.br\/novoportal\/wp-json\/wp\/v2\/posts\/116384","targetHints":{"allow":["GET"]}}],"collection":[{"href":"https:\/\/www.sudoestehoje.com.br\/novoportal\/wp-json\/wp\/v2\/posts"}],"about":[{"href":"https:\/\/www.sudoestehoje.com.br\/novoportal\/wp-json\/wp\/v2\/types\/post"}],"author":[{"embeddable":true,"href":"https:\/\/www.sudoestehoje.com.br\/novoportal\/wp-json\/wp\/v2\/users\/2"}],"replies":[{"embeddable":true,"href":"https:\/\/www.sudoestehoje.com.br\/novoportal\/wp-json\/wp\/v2\/comments?post=116384"}],"version-history":[{"count":2,"href":"https:\/\/www.sudoestehoje.com.br\/novoportal\/wp-json\/wp\/v2\/posts\/116384\/revisions"}],"predecessor-version":[{"id":116387,"href":"https:\/\/www.sudoestehoje.com.br\/novoportal\/wp-json\/wp\/v2\/posts\/116384\/revisions\/116387"}],"wp:featuredmedia":[{"embeddable":true,"href":"https:\/\/www.sudoestehoje.com.br\/novoportal\/wp-json\/wp\/v2\/media\/116386"}],"wp:attachment":[{"href":"https:\/\/www.sudoestehoje.com.br\/novoportal\/wp-json\/wp\/v2\/media?parent=116384"}],"wp:term":[{"taxonomy":"category","embeddable":true,"href":"https:\/\/www.sudoestehoje.com.br\/novoportal\/wp-json\/wp\/v2\/categories?post=116384"},{"taxonomy":"post_tag","embeddable":true,"href":"https:\/\/www.sudoestehoje.com.br\/novoportal\/wp-json\/wp\/v2\/tags?post=116384"}],"curies":[{"name":"wp","href":"https:\/\/api.w.org\/{rel}","templated":true}]}}