
{"id":116366,"date":"2024-04-13T19:08:34","date_gmt":"2024-04-13T22:08:34","guid":{"rendered":"https:\/\/www.sudoestehoje.com.br\/novoportal\/?p=116366"},"modified":"2024-04-13T19:08:34","modified_gmt":"2024-04-13T22:08:34","slug":"filiacao-de-silvio-santos-ao-pt-foi-fraude-diz-assessoria-juridica-do-apresentador","status":"publish","type":"post","link":"https:\/\/www.sudoestehoje.com.br\/novoportal\/2024\/04\/13\/filiacao-de-silvio-santos-ao-pt-foi-fraude-diz-assessoria-juridica-do-apresentador\/","title":{"rendered":"FILIA\u00c7\u00c3O DE SILVIO SANTOS AO PT FOI FRAUDE, DIZ ASSESSORIA JUR\u00cdDICA DO APRESENTADOR"},"content":{"rendered":"<p><img loading=\"lazy\" decoding=\"async\" class=\"alignnone  wp-image-116369\" src=\"https:\/\/www.sudoestehoje.com.br\/novoportal\/wp-content\/uploads\/2024\/04\/lulasilvio-1iuyshidav7ee-600x450.webp\" alt=\"\" width=\"549\" height=\"412\" srcset=\"https:\/\/www.sudoestehoje.com.br\/novoportal\/wp-content\/uploads\/2024\/04\/lulasilvio-1iuyshidav7ee-600x450.webp 600w, https:\/\/www.sudoestehoje.com.br\/novoportal\/wp-content\/uploads\/2024\/04\/lulasilvio-1iuyshidav7ee-700x525.webp 700w, https:\/\/www.sudoestehoje.com.br\/novoportal\/wp-content\/uploads\/2024\/04\/lulasilvio-1iuyshidav7ee-768x576.webp 768w, https:\/\/www.sudoestehoje.com.br\/novoportal\/wp-content\/uploads\/2024\/04\/lulasilvio-1iuyshidav7ee.webp 1200w\" sizes=\"auto, (max-width: 549px) 100vw, 549px\" \/><\/p>\n<p><strong>Uma certid\u00e3o de filia\u00e7\u00e3o partid\u00e1ria de\u00a0<a href=\"https:\/\/www.metropoles.com\/tag\/silvio-santos\" target=\"_blank\" rel=\"noopener\">Silvio Santos<\/a>\u00a0viralizou nas redes sociais nesta sexta-feira (12\/4). O documento do Tribunal Superior Eleitoral (TSE) aponta que o apresentador teria se filiado ao\u00a0<a href=\"https:\/\/pt.org.br\/\" target=\"_blank\" rel=\"noopener\">PT<\/a>\u00a0em 2020, mas a assessoria do SBT diz que \u00e9 uma fraude.<\/strong><\/p>\n<p><strong>Segundo a equipe de Silvio Santos, a suspeita \u00e9 de que os dados tenham sido vazados na \u00e9poca da filia\u00e7\u00e3o, em junho de 2020. \u201cIsso \u00e9 fraude, j\u00e1 mandamos para o nosso jur\u00eddico, ningu\u00e9m est\u00e1 sabendo dessa filia\u00e7\u00e3o direito. Algu\u00e9m pegou os dados dele e o filiou ao partido\u201d, pontuou a assessoria.<\/strong><\/p>\n<p><strong>A equipe do apresentador est\u00e1 analisando a situa\u00e7\u00e3o com o aux\u00edlio do jur\u00eddico para esclarecer os detalhes dessa pol\u00eamica filia\u00e7\u00e3o. Vale lembrar que Silvio Santos se candidatou \u00e0 presid\u00eancia da Rep\u00fablica em 1989, mas n\u00e3o teve a candidatura deferida pelo TSE.<\/strong><\/p>\n","protected":false},"excerpt":{"rendered":"<p>Uma certid\u00e3o de filia\u00e7\u00e3o partid\u00e1ria de\u00a0Silvio Santos\u00a0viralizou nas redes sociais nesta sexta-feira (12\/4). O documento do Tribunal Superior Eleitoral (TSE) aponta que o apresentador teria se filiado ao\u00a0PT\u00a0em 2020, mas a assessoria do SBT diz que \u00e9 uma fraude. Segundo a equipe de Silvio Santos, a suspeita \u00e9 de que os dados tenham sido vazados [&hellip;]<\/p>\n","protected":false},"author":2,"featured_media":116369,"comment_status":"closed","ping_status":"open","sticky":false,"template":"","format":"standard","meta":{"footnotes":"","_links_to":"","_links_to_target":""},"categories":[1],"tags":[],"class_list":["post-116366","post","type-post","status-publish","format-standard","has-post-thumbnail","hentry","category-geral"],"views":759,"_links":{"self":[{"href":"https:\/\/www.sudoestehoje.com.br\/novoportal\/wp-json\/wp\/v2\/posts\/116366","targetHints":{"allow":["GET"]}}],"collection":[{"href":"https:\/\/www.sudoestehoje.com.br\/novoportal\/wp-json\/wp\/v2\/posts"}],"about":[{"href":"https:\/\/www.sudoestehoje.com.br\/novoportal\/wp-json\/wp\/v2\/types\/post"}],"author":[{"embeddable":true,"href":"https:\/\/www.sudoestehoje.com.br\/novoportal\/wp-json\/wp\/v2\/users\/2"}],"replies":[{"embeddable":true,"href":"https:\/\/www.sudoestehoje.com.br\/novoportal\/wp-json\/wp\/v2\/comments?post=116366"}],"version-history":[{"count":3,"href":"https:\/\/www.sudoestehoje.com.br\/novoportal\/wp-json\/wp\/v2\/posts\/116366\/revisions"}],"predecessor-version":[{"id":116370,"href":"https:\/\/www.sudoestehoje.com.br\/novoportal\/wp-json\/wp\/v2\/posts\/116366\/revisions\/116370"}],"wp:featuredmedia":[{"embeddable":true,"href":"https:\/\/www.sudoestehoje.com.br\/novoportal\/wp-json\/wp\/v2\/media\/116369"}],"wp:attachment":[{"href":"https:\/\/www.sudoestehoje.com.br\/novoportal\/wp-json\/wp\/v2\/media?parent=116366"}],"wp:term":[{"taxonomy":"category","embeddable":true,"href":"https:\/\/www.sudoestehoje.com.br\/novoportal\/wp-json\/wp\/v2\/categories?post=116366"},{"taxonomy":"post_tag","embeddable":true,"href":"https:\/\/www.sudoestehoje.com.br\/novoportal\/wp-json\/wp\/v2\/tags?post=116366"}],"curies":[{"name":"wp","href":"https:\/\/api.w.org\/{rel}","templated":true}]}}