
{"id":116357,"date":"2024-04-13T17:38:57","date_gmt":"2024-04-13T20:38:57","guid":{"rendered":"https:\/\/www.sudoestehoje.com.br\/novoportal\/?p=116357"},"modified":"2024-04-13T17:38:57","modified_gmt":"2024-04-13T20:38:57","slug":"iml-libera-corpos-de-9-vitimas-de-acidente-com-onibus-de-turismo-na-bahia","status":"publish","type":"post","link":"https:\/\/www.sudoestehoje.com.br\/novoportal\/2024\/04\/13\/iml-libera-corpos-de-9-vitimas-de-acidente-com-onibus-de-turismo-na-bahia\/","title":{"rendered":"IML LIBERA CORPOS DE 9 V\u00cdTIMAS DE ACIDENTE COM \u00d4NIBUS DE TURISMO NA BAHIA"},"content":{"rendered":"<p><img loading=\"lazy\" decoding=\"async\" class=\"alignnone  wp-image-116359\" src=\"https:\/\/www.sudoestehoje.com.br\/novoportal\/wp-content\/uploads\/2024\/04\/IMAGEM_NOTICIA_9-1-1-600x315.webp\" alt=\"\" width=\"550\" height=\"289\" srcset=\"https:\/\/www.sudoestehoje.com.br\/novoportal\/wp-content\/uploads\/2024\/04\/IMAGEM_NOTICIA_9-1-1-600x315.webp 600w, https:\/\/www.sudoestehoje.com.br\/novoportal\/wp-content\/uploads\/2024\/04\/IMAGEM_NOTICIA_9-1-1-700x368.webp 700w, https:\/\/www.sudoestehoje.com.br\/novoportal\/wp-content\/uploads\/2024\/04\/IMAGEM_NOTICIA_9-1-1-768x403.webp 768w, https:\/\/www.sudoestehoje.com.br\/novoportal\/wp-content\/uploads\/2024\/04\/IMAGEM_NOTICIA_9-1-1.webp 1200w\" sizes=\"auto, (max-width: 550px) 100vw, 550px\" \/><\/p>\n<p style=\"font-weight: 400;\"><strong>Os corpos das nove pessoas que morreram ap\u00f3s um \u00f4nibus de turismo tombar na BR-101, na quinta-feira (11), foram liberados pelo Instituto M\u00e9dico Legal (IML) da Bahia nesta sexta (12). O acidente ocorreu no km 885 da rodovia, trecho de Teixeira de Freitas, no extremo sul do estado.<\/strong><\/p>\n<p style=\"font-weight: 400;\"><strong>O grupo havia sa\u00eddo do Rio de Janeiro, em excurs\u00e3o com destino a Porto Seguro, tamb\u00e9m no extremo sul.\u00a0<\/strong><\/p>\n<p style=\"font-weight: 400;\"><strong>Quanto aos sobreviventes, dos 23 feridos, 19 receberam alta m\u00e9dica do Hospital Municipal de Teixeira de Freitas. Tr\u00eas pessoas seguem internadas na unidade de sa\u00fade, mas sem risco de morte.<\/strong><\/p>\n","protected":false},"excerpt":{"rendered":"<p>Os corpos das nove pessoas que morreram ap\u00f3s um \u00f4nibus de turismo tombar na BR-101, na quinta-feira (11), foram liberados pelo Instituto M\u00e9dico Legal (IML) da Bahia nesta sexta (12). O acidente ocorreu no km 885 da rodovia, trecho de Teixeira de Freitas, no extremo sul do estado. O grupo havia sa\u00eddo do Rio de [&hellip;]<\/p>\n","protected":false},"author":2,"featured_media":116359,"comment_status":"closed","ping_status":"open","sticky":false,"template":"","format":"standard","meta":{"footnotes":"","_links_to":"","_links_to_target":""},"categories":[1],"tags":[],"class_list":["post-116357","post","type-post","status-publish","format-standard","has-post-thumbnail","hentry","category-geral"],"views":732,"_links":{"self":[{"href":"https:\/\/www.sudoestehoje.com.br\/novoportal\/wp-json\/wp\/v2\/posts\/116357","targetHints":{"allow":["GET"]}}],"collection":[{"href":"https:\/\/www.sudoestehoje.com.br\/novoportal\/wp-json\/wp\/v2\/posts"}],"about":[{"href":"https:\/\/www.sudoestehoje.com.br\/novoportal\/wp-json\/wp\/v2\/types\/post"}],"author":[{"embeddable":true,"href":"https:\/\/www.sudoestehoje.com.br\/novoportal\/wp-json\/wp\/v2\/users\/2"}],"replies":[{"embeddable":true,"href":"https:\/\/www.sudoestehoje.com.br\/novoportal\/wp-json\/wp\/v2\/comments?post=116357"}],"version-history":[{"count":3,"href":"https:\/\/www.sudoestehoje.com.br\/novoportal\/wp-json\/wp\/v2\/posts\/116357\/revisions"}],"predecessor-version":[{"id":116361,"href":"https:\/\/www.sudoestehoje.com.br\/novoportal\/wp-json\/wp\/v2\/posts\/116357\/revisions\/116361"}],"wp:featuredmedia":[{"embeddable":true,"href":"https:\/\/www.sudoestehoje.com.br\/novoportal\/wp-json\/wp\/v2\/media\/116359"}],"wp:attachment":[{"href":"https:\/\/www.sudoestehoje.com.br\/novoportal\/wp-json\/wp\/v2\/media?parent=116357"}],"wp:term":[{"taxonomy":"category","embeddable":true,"href":"https:\/\/www.sudoestehoje.com.br\/novoportal\/wp-json\/wp\/v2\/categories?post=116357"},{"taxonomy":"post_tag","embeddable":true,"href":"https:\/\/www.sudoestehoje.com.br\/novoportal\/wp-json\/wp\/v2\/tags?post=116357"}],"curies":[{"name":"wp","href":"https:\/\/api.w.org\/{rel}","templated":true}]}}