
{"id":116353,"date":"2024-04-13T17:31:27","date_gmt":"2024-04-13T20:31:27","guid":{"rendered":"https:\/\/www.sudoestehoje.com.br\/novoportal\/?p=116353"},"modified":"2024-04-13T17:31:27","modified_gmt":"2024-04-13T20:31:27","slug":"vitoria-da-conquista-segue-no-topo-do-ranking-dos-registros-de-dengue-na-bahia","status":"publish","type":"post","link":"https:\/\/www.sudoestehoje.com.br\/novoportal\/2024\/04\/13\/vitoria-da-conquista-segue-no-topo-do-ranking-dos-registros-de-dengue-na-bahia\/","title":{"rendered":"VIT\u00d3RIA DA CONQUISTA SEGUE NO TOPO DO RANKING DOS REGISTROS DE DENGUE NA BAHIA"},"content":{"rendered":"<p><img loading=\"lazy\" decoding=\"async\" class=\"alignnone  wp-image-116355\" src=\"https:\/\/www.sudoestehoje.com.br\/novoportal\/wp-content\/uploads\/2024\/04\/IMG-20200605-WA0018-e1638274428475-600x338.jpg\" alt=\"\" width=\"550\" height=\"310\" srcset=\"https:\/\/www.sudoestehoje.com.br\/novoportal\/wp-content\/uploads\/2024\/04\/IMG-20200605-WA0018-e1638274428475-600x338.jpg 600w, https:\/\/www.sudoestehoje.com.br\/novoportal\/wp-content\/uploads\/2024\/04\/IMG-20200605-WA0018-e1638274428475-700x394.jpg 700w, https:\/\/www.sudoestehoje.com.br\/novoportal\/wp-content\/uploads\/2024\/04\/IMG-20200605-WA0018-e1638274428475-768x432.jpg 768w, https:\/\/www.sudoestehoje.com.br\/novoportal\/wp-content\/uploads\/2024\/04\/IMG-20200605-WA0018-e1638274428475.jpg 1024w\" sizes=\"auto, (max-width: 550px) 100vw, 550px\" \/><\/p>\n<p><strong>Ao todo, at\u00e9 esta sexta-feira (12), eram 19.879 casos prov\u00e1veis da doen\u00e7a no munic\u00edpio do sudoeste baiano. Vit\u00f3ria da Conquista lidera tamb\u00e9m o n\u00famero de \u00f3bitos por dengue, totalizando oito mortes, o que representa quase 22% do total de confirma\u00e7\u00f5es da Bahia. <\/strong><\/p>\n<p><strong>Salvador e Feira de Santana ocupam a segunda e terceira posi\u00e7\u00f5es em n\u00fameros de casos prov\u00e1veis, com 6.168 e 5.076 registros, respectivamente. Feira de Santana ainda registra tr\u00eas \u00f3bitos, somando, desta forma quase, 30% quando das mortes quando acrescido aos registros de Vit\u00f3ria da Conquista.<\/strong><\/p>\n<p><strong>A Bahia possui uma taxa de letalidade de 2,8%, menor do que a m\u00e9dia nacional. Ao todo, foram confirmados 37 \u00f3bitos por dengue nos munic\u00edpios de Vit\u00f3ria da Conquista (8), Jacaraci (4), Feira de Santana (3), Juazeiro (3), Pirip\u00e1 (3), Caetit\u00e9 (2), Santo Ant\u00f4nio de Jesus (2), Barra do Cho\u00e7a (1), Caetanos (1), Campo Formoso (1), Carinhanha (1), Coaraci (1), Encruzilhada (1), Guanambi (1), Ibiassuc\u00ea (1), Irec\u00ea (1), Palmas de Monte Alto (1), Santo Est\u00eav\u00e3o (1) e Seabra (1). At\u00e9 esta sexta-feira (12), houve o registro de 128.999 casos prov\u00e1veis de dengue na Bahia.<\/strong><\/p>\n","protected":false},"excerpt":{"rendered":"<p>Ao todo, at\u00e9 esta sexta-feira (12), eram 19.879 casos prov\u00e1veis da doen\u00e7a no munic\u00edpio do sudoeste baiano. Vit\u00f3ria da Conquista lidera tamb\u00e9m o n\u00famero de \u00f3bitos por dengue, totalizando oito mortes, o que representa quase 22% do total de confirma\u00e7\u00f5es da Bahia. Salvador e Feira de Santana ocupam a segunda e terceira posi\u00e7\u00f5es em n\u00fameros [&hellip;]<\/p>\n","protected":false},"author":2,"featured_media":116355,"comment_status":"closed","ping_status":"open","sticky":false,"template":"","format":"standard","meta":{"footnotes":"","_links_to":"","_links_to_target":""},"categories":[1],"tags":[],"class_list":["post-116353","post","type-post","status-publish","format-standard","has-post-thumbnail","hentry","category-geral"],"views":827,"_links":{"self":[{"href":"https:\/\/www.sudoestehoje.com.br\/novoportal\/wp-json\/wp\/v2\/posts\/116353","targetHints":{"allow":["GET"]}}],"collection":[{"href":"https:\/\/www.sudoestehoje.com.br\/novoportal\/wp-json\/wp\/v2\/posts"}],"about":[{"href":"https:\/\/www.sudoestehoje.com.br\/novoportal\/wp-json\/wp\/v2\/types\/post"}],"author":[{"embeddable":true,"href":"https:\/\/www.sudoestehoje.com.br\/novoportal\/wp-json\/wp\/v2\/users\/2"}],"replies":[{"embeddable":true,"href":"https:\/\/www.sudoestehoje.com.br\/novoportal\/wp-json\/wp\/v2\/comments?post=116353"}],"version-history":[{"count":2,"href":"https:\/\/www.sudoestehoje.com.br\/novoportal\/wp-json\/wp\/v2\/posts\/116353\/revisions"}],"predecessor-version":[{"id":116356,"href":"https:\/\/www.sudoestehoje.com.br\/novoportal\/wp-json\/wp\/v2\/posts\/116353\/revisions\/116356"}],"wp:featuredmedia":[{"embeddable":true,"href":"https:\/\/www.sudoestehoje.com.br\/novoportal\/wp-json\/wp\/v2\/media\/116355"}],"wp:attachment":[{"href":"https:\/\/www.sudoestehoje.com.br\/novoportal\/wp-json\/wp\/v2\/media?parent=116353"}],"wp:term":[{"taxonomy":"category","embeddable":true,"href":"https:\/\/www.sudoestehoje.com.br\/novoportal\/wp-json\/wp\/v2\/categories?post=116353"},{"taxonomy":"post_tag","embeddable":true,"href":"https:\/\/www.sudoestehoje.com.br\/novoportal\/wp-json\/wp\/v2\/tags?post=116353"}],"curies":[{"name":"wp","href":"https:\/\/api.w.org\/{rel}","templated":true}]}}